{"id":10243,"date":"2023-03-07T14:41:54","date_gmt":"2023-03-07T13:41:54","guid":{"rendered":"https:\/\/www.engbers.com\/blog\/?p=10243"},"modified":"2023-03-07T14:41:55","modified_gmt":"2023-03-07T13:41:55","slug":"1x1-der-pflege","status":"publish","type":"post","link":"https:\/\/www.engbers.com\/blog\/1x1-der-pflege\/","title":{"rendered":"Das 1&#215;1 der Pflege"},"content":{"rendered":"\n<p>Einmal die passenden Basics gefunden, ist es wichtig, die Grundlagen der W\u00e4sche und Pflege zu kennen. Wir verraten Dir, wie Dich Deine Lieblings-Basics m\u00f6glichst lange begleiten.<\/p>\n\n\n\n<hr class=\"wp-block-separator\"\/>\n\n\n\n<p> <\/p>\n\n\n\n<div class=\"wp-block-media-text alignwide has-media-on-the-right is-stacked-on-mobile\"><figure class=\"wp-block-media-text__media\"><img fetchpriority=\"high\" decoding=\"async\" width=\"1024\" height=\"640\" src=\"https:\/\/www.engbers.com\/blog\/wp-content\/uploads\/2023\/03\/Waescheberg-1-1024x640.png\" alt=\"\" class=\"wp-image-10246 size-full\" srcset=\"https:\/\/www.engbers.com\/blog\/wp-content\/uploads\/2023\/03\/Waescheberg-1-1024x640.png 1024w, https:\/\/www.engbers.com\/blog\/wp-content\/uploads\/2023\/03\/Waescheberg-1-300x188.png 300w, https:\/\/www.engbers.com\/blog\/wp-content\/uploads\/2023\/03\/Waescheberg-1-768x480.png 768w, https:\/\/www.engbers.com\/blog\/wp-content\/uploads\/2023\/03\/Waescheberg-1-1536x960.png 1536w, https:\/\/www.engbers.com\/blog\/wp-content\/uploads\/2023\/03\/Waescheberg-1-24x15.png 24w, https:\/\/www.engbers.com\/blog\/wp-content\/uploads\/2023\/03\/Waescheberg-1-36x23.png 36w, https:\/\/www.engbers.com\/blog\/wp-content\/uploads\/2023\/03\/Waescheberg-1-48x30.png 48w, https:\/\/www.engbers.com\/blog\/wp-content\/uploads\/2023\/03\/Waescheberg-1.png 1600w\" sizes=\"(max-width: 1024px) 100vw, 1024px\" \/><\/figure><div class=\"wp-block-media-text__content\">\n<h2 class=\"wp-block-heading\">NACH FARBE TRENNEN<\/h2>\n\n\n\n<p>Wenn eine rote Socke das Lieblings-Shirt rosa f\u00e4rbt \u2013 hatten wir nicht alle schonmal einen \u201eWasch-Unfall\u201c? Damit das kein zweites Mal passiert, erkl\u00e4ren wir Dir, wie Du richtig nach<br>Farben trennst.<\/p>\n\n\n\n<h3 class=\"wp-block-heading\">Wei\u00df<\/h3>\n\n\n\n<p>Hier sortierst Du neben wei\u00dfer W\u00e4sche alle sehr<br>hellen Farben wie Beige, Hellgrau oder Hellblau.<\/p>\n\n\n\n<h3 class=\"wp-block-heading\">Helle Farben<\/h3>\n\n\n\n<p>Farben wie Gelb, Rosa und Orange kannst Du<br>unbedenklich zusammen in die Waschmaschine<br>geben, ohne ein Abf\u00e4rben zu bef\u00fcrchten.<\/p>\n\n\n\n<h3 class=\"wp-block-heading\">Dunkle Farben <\/h3>\n\n\n\n<p>Farben wie Rot, Grau, Blau und Gr\u00fcn, aber auch<br>Schwarz kannst Du zusammen waschen.<\/p>\n<\/div><\/div>\n\n\n\n<p><\/p>\n\n\n\n<p><\/p>\n\n\n\n<h2 class=\"wp-block-heading\"><i class=\"fas fa-info\"><\/i> Tipp bei neuer Kleidung &amp; Jeans:  <\/h2>\n\n\n\n<p>Hast Du neue Kleidung ist das <strong>Risiko des Abf\u00e4rbens h\u00f6her<\/strong>. Achte daher umso mehr auf die richtige Farbtrennung. Auch sehr dunkle Jeans k\u00f6nnen trotz mehrmaliger W\u00e4sche noch Farbe abgeben.<\/p>\n\n\n\n<p><\/p>\n\n\n\n<hr class=\"wp-block-separator\"\/>\n\n\n\n<h2 class=\"wp-block-heading\"> <\/h2>\n\n\n\n<div class=\"wp-block-media-text alignwide is-stacked-on-mobile\"><figure class=\"wp-block-media-text__media\"><img decoding=\"async\" width=\"1024\" height=\"640\" src=\"https:\/\/www.engbers.com\/blog\/wp-content\/uploads\/2023\/03\/Design-ohne-Titel-1-1024x640.png\" alt=\"\" class=\"wp-image-10258 size-full\" srcset=\"https:\/\/www.engbers.com\/blog\/wp-content\/uploads\/2023\/03\/Design-ohne-Titel-1-1024x640.png 1024w, https:\/\/www.engbers.com\/blog\/wp-content\/uploads\/2023\/03\/Design-ohne-Titel-1-300x188.png 300w, https:\/\/www.engbers.com\/blog\/wp-content\/uploads\/2023\/03\/Design-ohne-Titel-1-768x480.png 768w, https:\/\/www.engbers.com\/blog\/wp-content\/uploads\/2023\/03\/Design-ohne-Titel-1-1536x960.png 1536w, https:\/\/www.engbers.com\/blog\/wp-content\/uploads\/2023\/03\/Design-ohne-Titel-1-24x15.png 24w, https:\/\/www.engbers.com\/blog\/wp-content\/uploads\/2023\/03\/Design-ohne-Titel-1-36x23.png 36w, https:\/\/www.engbers.com\/blog\/wp-content\/uploads\/2023\/03\/Design-ohne-Titel-1-48x30.png 48w, https:\/\/www.engbers.com\/blog\/wp-content\/uploads\/2023\/03\/Design-ohne-Titel-1.png 1600w\" sizes=\"(max-width: 1024px) 100vw, 1024px\" \/><\/figure><div class=\"wp-block-media-text__content\">\n<h2 class=\"wp-block-heading\">WASCHMITTEL <\/h2>\n\n\n\n<p>Die Suche nach dem richtigen Waschmittel ist nicht immer einfach. Nicht nur der Geruch ist hier entscheidend, sondern auch die Art des Waschmittels. Willst Du nicht mehr als ein Waschmittel im Schrank haben, ist der Griff zum <strong>Universal-Waschmittel<\/strong> immer die <strong>sichere Basis<\/strong>.<\/p>\n\n\n\n<h3 class=\"wp-block-heading\">Voll-Waschmittel<\/h3>\n\n\n\n<p>Um wei\u00dfe W\u00e4sche wieder zum Strahlen zu bringen, gibt es hierf\u00fcr extra Waschmittel oder -pulver, die Bleichmittel enthalten.<\/p>\n\n\n\n<h3 class=\"wp-block-heading\">Color-Waschmittel<\/h3>\n\n\n\n<p>Um die Farbe der Fasern von bunter Kleidung m\u00f6glichst lange beizubehalten, ist es ratsam zu einem Color-Waschmittel zu greifen.<\/p>\n\n\n\n<h3 class=\"wp-block-heading\">Fein-Waschmittel<\/h3>\n\n\n\n<p>F\u00fcr besonders empfindliche Materialien und Wolle solltest Du zu einem sanften Waschmittel speziell f\u00fcr Feinw\u00e4sche greifen.<\/p>\n<\/div><\/div>\n\n\n\n<hr class=\"wp-block-separator\"\/>\n\n\n\n<p><\/p>\n\n\n\n<h2 class=\"wp-block-heading\">RICHTIGE TEMPERATUR<\/h2>\n\n\n\n<p>Gibst Du Deine Kleidung in die Waschmaschine, solltest Du die richtige Waschtemperatur beachten. Im Etikett der Kleidung findest Du einen Pflegehinweis des Herstellers, der die maximal empfohlene Waschtemperatur angibt.<\/p>\n\n\n\n<p><\/p>\n\n\n\n<h3 class=\"wp-block-heading\"><i class=\"fas fa-thermometer-empty\"><\/i> 0\u00b0C-20\u00b0C:<\/h3>\n\n\n\n<p><strong>Sehr empfindliche<\/strong> Fasern wie Kaschmir, Seide oder Wolle d\u00fcrfen nur im kalten oder lauwarmen Wasser<br>gewaschen werden. Bei geringer Temperatur wird die Kleidung geschont und l\u00e4uft nicht ein.<\/p>\n\n\n\n<h3 class=\"wp-block-heading\"><i class=\"fas fa-thermometer-quarter\"><\/i> 30\u00b0C-40\u00b0C:<\/h3>\n\n\n\n<p>Die g\u00e4ngige Temperatur f\u00fcr<strong> unempfindliche Kleidung<\/strong>, die nur leicht verschmutzt ist, liegt bei 30 \u00b0C.<br>Hat die Kleidung gr\u00f6\u00dfere Flecken oder handelt es sich um Sportkleidung, sollte diese bei 40 \u00b0C<br>gewaschen werden.<\/p>\n\n\n\n<h3 class=\"wp-block-heading\"><i class=\"fas fa-thermometer-three-quarters\"><\/i> 60\u00b0C-90\u00b0C:<\/h3>\n\n\n\n<p>Ab 60 \u00b0C werden in der Waschmaschine Bakterien abget\u00f6tet, daher ist es g\u00e4ngig, <strong>Unterw\u00e4sche, Handt\u00fccher und Bettw\u00e4sche <\/strong>hei\u00dfer zu waschen. Bei der Oberbekleidung sollte wenn m\u00f6glich hierauf verzichtet werden, da die Fasern st\u00e4rker beansprucht werden und die Kleidung einlaufen kann. Die 90 \u00b0C-W\u00e4sche wird kaum noch ben\u00f6tigt und ist nur f\u00fcr <strong>stark<\/strong> <strong>verschmutzte, robuste Materialien<\/strong> geeignet und um die Maschine im Leerwaschgang gelegentlich von Bakterien zu befreien.<\/p>\n\n\n\n<hr class=\"wp-block-separator\"\/>\n\n\n\n<h2 class=\"wp-block-heading\">WASCHPROGRAMM &amp; SCHLEUDERZAHL<\/h2>\n\n\n\n<p>Das Waschprogramm ist nichts anderes als eine Voreinstellung f\u00fcr Wassermenge, Waschdauer und Schleuderzahl. Empfindliche Kleidung sollte nicht nur bei geringer Temperatur, sondern auch bei geringer Schleuderzahl gewaschen werden.<\/p>\n\n\n\n<div class=\"wp-block-columns is-layout-flex wp-container-core-columns-is-layout-9d6595d7 wp-block-columns-is-layout-flex\">\n<div class=\"wp-block-column is-layout-flow wp-block-column-is-layout-flow\">\n<h3 class=\"wp-block-heading\">Buntw\u00e4sche<\/h3>\n\n\n\n<p>Dieses Programm wird am h\u00e4ufigsten genutzt, da<br>es sich gut f\u00fcr <strong>T-Shirts, Jeans, Hemden etc.<\/strong> eignet.<br>In diesem Programm wird zwischen 30\u00b0C und 60\u00b0C<br>gewaschen.<\/p>\n\n\n\n<h3 class=\"wp-block-heading\">Kochw\u00e4sche<\/h3>\n\n\n\n<p>Alles, was<strong> hygienisch rein <\/strong>sein muss oder sehr<br>robust ist, wie <strong>Babyw\u00e4sche <\/strong>oder <strong>Tischdecken<\/strong>, darf<br>bis zu 90\u00b0C gewaschen werden. Jedoch gibt es<br>inzwischen viele Waschmittel, die auch bei geringerer Temperatur Keime und Bakterien abt\u00f6ten.<\/p>\n\n\n\n<h3 class=\"wp-block-heading\">Feinw\u00e4sche<\/h3>\n\n\n\n<p><strong>Sehr empfindliche<\/strong> Kleidung z.B. aus Seide sollte<br>aufgrund der geringen Schleuderzahl und Temperatur im Feinwasch-Programm gewaschen werden.<\/p>\n<\/div>\n\n\n\n<div class=\"wp-block-column is-layout-flow wp-block-column-is-layout-flow\">\n<h3 class=\"wp-block-heading\">Wollw\u00e4sche<\/h3>\n\n\n\n<p>In diesem Programm werden die Fasern der <strong>Wolle<\/strong><br>geschont, da bei geringer Temperatur und Schleuderzahl gewaschen wird. Somit wird das Einlaufen und Verformen verhindert.<\/p>\n\n\n\n<h3 class=\"wp-block-heading\">Eco-Programm<\/h3>\n\n\n\n<p>Das Programm dauert zwar etwas l\u00e4nger,<br>aber insgesamt werden <strong>weniger Wasser<\/strong> <strong>und<br>Strom<\/strong> verbraucht, da das Wasser langsamer<br>erhitzt wird.<\/p>\n\n\n\n<h3 class=\"wp-block-heading\">Pflegeleichte W\u00e4sche<\/h3>\n\n\n\n<p>Textilien aus <strong>synthetischen Fasern <\/strong>oder<strong><br>Mischfasern<\/strong>, sollten in diesem Programm<br>zwischen 30\u00b0C \u2013 40\u00b0C gewaschen werden.<\/p>\n<\/div>\n<\/div>\n\n\n\n<hr class=\"wp-block-separator\"\/>\n\n\n\n<h2 class=\"wp-block-heading\">RICHTIGES TROCKNEN<\/h2>\n\n\n\n<p>Alles auf dem W\u00e4schest\u00e4nder aufh\u00e4ngen oder wenn es schnell gehen muss in den Trockner geben? Auch beim Trocknen gilt es, das Material zu beachten.<\/p>\n\n\n\n<h3 class=\"wp-block-heading\">Trockner<\/h3>\n\n\n\n<p>Generell kannst Du Dir merken, dass Du alles in den Trockner geben k\u00f6nnen, was Du <strong>ab 60\u00b0C<\/strong> w\u00e4schst. Strapazierf\u00e4hige Materialien wie 100% Baumwolle k\u00f6nnen die hohe Hitze besser vertragen als empfindliche Materialien und Mischgewebe. Dennoch wird die<strong> Kleidung<\/strong> im Trockner <strong>mehr beansprucht<\/strong>, als beim g\u00e4ngigen Trocknen auf dem W\u00e4schest\u00e4nder.<\/p>\n\n\n\n<h3 class=\"wp-block-heading\">W\u00e4schest\u00e4nder<\/h3>\n\n\n\n<p>Mit nur <strong>wenigen Ausnahmen<\/strong> kannst Du<strong> jede Kleidung<\/strong> unbedenklich auf dem W\u00e4schest\u00e4nder aufh\u00e4ngen. Lediglich <strong>Strick- und Wollpullover<\/strong> sollten nach der W\u00e4sche in Form gezogen und <strong>liegend <\/strong>auf einem Handtuch getrocknet werden, damit diese ihre Form behalten.<\/p>\n\n\n\n<h3 class=\"wp-block-heading\">Kleiderb\u00fcgel <\/h3>\n\n\n\n<p><strong>Hemden und Blusen<\/strong> k\u00f6nnen am besten auf dem Kleiderb\u00fcgel getrocknet werden, da sich so schon viele Falten aus dem Material ziehen und Du Dir das B\u00fcgeln erleichterst. <\/p>\n\n\n\n<figure class=\"wp-block-image size-large\"><img decoding=\"async\" width=\"1024\" height=\"640\" src=\"https:\/\/www.engbers.com\/blog\/wp-content\/uploads\/2023\/03\/Design-ohne-Titel-7-1024x640.png\" alt=\"\" class=\"wp-image-10268\" srcset=\"https:\/\/www.engbers.com\/blog\/wp-content\/uploads\/2023\/03\/Design-ohne-Titel-7-1024x640.png 1024w, https:\/\/www.engbers.com\/blog\/wp-content\/uploads\/2023\/03\/Design-ohne-Titel-7-300x188.png 300w, https:\/\/www.engbers.com\/blog\/wp-content\/uploads\/2023\/03\/Design-ohne-Titel-7-768x480.png 768w, https:\/\/www.engbers.com\/blog\/wp-content\/uploads\/2023\/03\/Design-ohne-Titel-7-1536x960.png 1536w, https:\/\/www.engbers.com\/blog\/wp-content\/uploads\/2023\/03\/Design-ohne-Titel-7-24x15.png 24w, https:\/\/www.engbers.com\/blog\/wp-content\/uploads\/2023\/03\/Design-ohne-Titel-7-36x23.png 36w, https:\/\/www.engbers.com\/blog\/wp-content\/uploads\/2023\/03\/Design-ohne-Titel-7-48x30.png 48w, https:\/\/www.engbers.com\/blog\/wp-content\/uploads\/2023\/03\/Design-ohne-Titel-7.png 1600w\" sizes=\"(max-width: 1024px) 100vw, 1024px\" \/><\/figure>\n\n\n\n<hr class=\"wp-block-separator\"\/>\n\n\n\n<h2 class=\"wp-block-heading\">B\u00dcGELN<\/h2>\n\n\n\n<p>Gerade im Alltag und Beruf wollen wir einen guten Eindruck hinterlassen \u2013 da sollten Knitterfalten nach dem Waschen vermieden werden. Doch was darf eigentlich unter das B\u00fcgeleisen?<\/p>\n\n\n\n<div class=\"wp-block-columns is-layout-flex wp-container-core-columns-is-layout-9d6595d7 wp-block-columns-is-layout-flex\">\n<div class=\"wp-block-column is-layout-flow wp-block-column-is-layout-flow\">\n<h3 class=\"wp-block-heading\"><i class=\"fas fa-thumbs-up\"><\/i> DO\u00b4S <\/h3>\n\n\n\n<p>Strapazierf\u00e4hige Baumwolle darf ohne<br>Bedenken auf Stufe 2 geb\u00fcgelt werden.<br>Wurde die Baumwolle zu Materialien wie<br>Biber oder Cord verarbeitet, solltest Du diese<br>vorher auf links drehen. Auch das atmungsaktive Leinen darf auf geringer Stufe leicht<br>feucht oder mit viel Dampf geb\u00fcgelt werden.<br>Ist die Kleidung mit einem f\u00fchlbaren<br>Print\/ Druck ausgestattet, drehe diese<br>auf links.<\/p>\n<\/div>\n\n\n\n<div class=\"wp-block-column is-layout-flow wp-block-column-is-layout-flow\">\n<h3 class=\"wp-block-heading\"><i class=\"fas fa-thumbs-down\"><\/i> DONT\u00b4S<\/h3>\n\n\n\n<p>Das B\u00fcgeln von Wolle sollte m\u00f6glichst vermieden werden. Falls das Kleidungst\u00fcck doch<br>mal geb\u00fcgelt wird, sollte ein Tuch zwischen<br>Wolle und B\u00fcgeleisen gelegt werden. Auch<br>Seide sollte, wenn \u00fcberhaupt, nur bei geringer Temperatur und ohne Druck geb\u00fcgelt<br>werden. Gewebe mit Polyamid-, Polyester-,<br>oder Viskose-Anteil sind sehr knitterarm und<br>sollten, falls doch notwendig, bei nur sehr<br>geringer Temperatur geb\u00fcgelt werden.<\/p>\n<\/div>\n<\/div>\n\n\n\n<p class=\"has-text-align-center\"><i class=\"fas fa-tshirt\"><\/i><\/p>\n","protected":false},"excerpt":{"rendered":"<p>Einmal die passenden Basics gefunden, ist es wichtig, die Grundlagen der W\u00e4sche und Pflege zu kennen. Wir verraten Dir, wie Dich Deine Lieblings-Basics m\u00f6glichst lange begleiten. NACH FARBE TRENNEN Wenn eine rote Socke das Lieblings-Shirt rosa f\u00e4rbt \u2013 hatten wir nicht alle schonmal einen \u201eWasch-Unfall\u201c? Damit das kein zweites Mal passiert, erkl\u00e4ren wir Dir, wie&hellip;&nbsp;<a href=\"https:\/\/www.engbers.com\/blog\/1x1-der-pflege\/\" class=\"\" rel=\"bookmark\">Weiterlesen &raquo;<span class=\"screen-reader-text\">Das 1&#215;1 der Pflege<\/span><\/a><\/p>\n","protected":false},"author":7,"featured_media":10272,"comment_status":"open","ping_status":"open","sticky":false,"template":"","format":"standard","meta":{"footnotes":""},"categories":[6,540],"tags":[349,521,1213,1219,1220,1221],"class_list":["post-10243","post","type-post","status-publish","format-standard","has-post-thumbnail","hentry","category-lifestyle","category-emilioadaniblog","tag-pflege","tag-waschen","tag-waschanleitung","tag-trocknen","tag-waschmittel","tag-buegeln"],"aioseo_notices":[],"_links":{"self":[{"href":"https:\/\/www.engbers.com\/blog\/wp-json\/wp\/v2\/posts\/10243","targetHints":{"allow":["GET"]}}],"collection":[{"href":"https:\/\/www.engbers.com\/blog\/wp-json\/wp\/v2\/posts"}],"about":[{"href":"https:\/\/www.engbers.com\/blog\/wp-json\/wp\/v2\/types\/post"}],"author":[{"embeddable":true,"href":"https:\/\/www.engbers.com\/blog\/wp-json\/wp\/v2\/users\/7"}],"replies":[{"embeddable":true,"href":"https:\/\/www.engbers.com\/blog\/wp-json\/wp\/v2\/comments?post=10243"}],"version-history":[{"count":20,"href":"https:\/\/www.engbers.com\/blog\/wp-json\/wp\/v2\/posts\/10243\/revisions"}],"predecessor-version":[{"id":10274,"href":"https:\/\/www.engbers.com\/blog\/wp-json\/wp\/v2\/posts\/10243\/revisions\/10274"}],"wp:featuredmedia":[{"embeddable":true,"href":"https:\/\/www.engbers.com\/blog\/wp-json\/wp\/v2\/media\/10272"}],"wp:attachment":[{"href":"https:\/\/www.engbers.com\/blog\/wp-json\/wp\/v2\/media?parent=10243"}],"wp:term":[{"taxonomy":"category","embeddable":true,"href":"https:\/\/www.engbers.com\/blog\/wp-json\/wp\/v2\/categories?post=10243"},{"taxonomy":"post_tag","embeddable":true,"href":"https:\/\/www.engbers.com\/blog\/wp-json\/wp\/v2\/tags?post=10243"}],"curies":[{"name":"wp","href":"https:\/\/api.w.org\/{rel}","templated":true}]}}