{"id":10533,"date":"2026-03-01T09:42:00","date_gmt":"2026-03-01T08:42:00","guid":{"rendered":"https:\/\/www.engbers.com\/blog\/?p=10533"},"modified":"2026-04-15T15:43:27","modified_gmt":"2026-04-15T13:43:27","slug":"nachhaltigkeit-qualitat","status":"publish","type":"post","link":"https:\/\/www.engbers.com\/blog\/nachhaltigkeit-qualitat\/","title":{"rendered":"Nachhaltigkeit &#038; Qualit\u00e4t bei engbers"},"content":{"rendered":"\n<h2 class=\"wp-block-heading\">Klimaschutz, faire Arbeitsbedingungen &amp; Produktqualit\u00e4t<\/h2>\n\n\n\n<figure class=\"wp-block-image size-large\"><img fetchpriority=\"high\" decoding=\"async\" width=\"1024\" height=\"640\" src=\"https:\/\/www.engbers.com\/blog\/wp-content\/uploads\/2023\/07\/Design-ohne-Titel-46-1024x640.png\" alt=\"Dreigeteiltes Bild: Links ein Stapel gefalteter Kleidungsst\u00fccke auf einem Stuhl, in der Mitte H\u00e4nde bei der Verarbeitung von Stoff an einer N\u00e4hmaschine, rechts zwei H\u00e4nde, die eine kleine Pflanze mit Erde halten.\" class=\"wp-image-10544\" title=\"Nachhaltige Produktion und Verantwortung entlang der Lieferkette\" srcset=\"https:\/\/www.engbers.com\/blog\/wp-content\/uploads\/2023\/07\/Design-ohne-Titel-46-1024x640.png 1024w, https:\/\/www.engbers.com\/blog\/wp-content\/uploads\/2023\/07\/Design-ohne-Titel-46-300x188.png 300w, https:\/\/www.engbers.com\/blog\/wp-content\/uploads\/2023\/07\/Design-ohne-Titel-46-768x480.png 768w, https:\/\/www.engbers.com\/blog\/wp-content\/uploads\/2023\/07\/Design-ohne-Titel-46-1536x960.png 1536w, https:\/\/www.engbers.com\/blog\/wp-content\/uploads\/2023\/07\/Design-ohne-Titel-46-24x15.png 24w, https:\/\/www.engbers.com\/blog\/wp-content\/uploads\/2023\/07\/Design-ohne-Titel-46-36x23.png 36w, https:\/\/www.engbers.com\/blog\/wp-content\/uploads\/2023\/07\/Design-ohne-Titel-46-48x30.png 48w, https:\/\/www.engbers.com\/blog\/wp-content\/uploads\/2023\/07\/Design-ohne-Titel-46.png 1600w\" sizes=\"(max-width: 1024px) 100vw, 1024px\" \/><\/figure>\n\n\n\n<div style=\"height:30px\" aria-hidden=\"true\" class=\"wp-block-spacer\"><\/div>\n\n\n\n<p>Wie wurde meine gekaufte Kleidung produziert? Wie sind die Arbeitsbedingungen in den Produktionen und wird der Klimaschutz ber\u00fccksichtigt? <br>Das Bewusstsein f\u00fcr Klimaschutz und faire, sichere Arbeitsbedingungen steigt und beeinflusst die Kaufentscheidung. In diesem Beitrag findest Du auf einem Blick alle Informationen \u00fcber unser Engagement zu den Themen: Klimaschutz, Produktqualit\u00e4t und Produktionsbedingungen\ud83c\udf31<\/p>\n\n\n\n<div style=\"height:11px\" aria-hidden=\"true\" class=\"wp-block-spacer\"><\/div>\n\n\n\n<h3 class=\"wp-block-heading\">Pro Natur &#8211; Unser Engagement f\u00fcr den Klimaschutz<\/h3>\n\n\n\n<h4 class=\"wp-block-heading\">In unseren 300 Stores und der Zentrale<\/h4>\n\n\n\n<ol class=\"wp-block-list\">\n<li><strong>Energieverbrauch gedrosselt<\/strong><br>Unser Energieverbrauch verf\u00fcgt \u00fcber das gr\u00f6\u00dfte \u00f6konomische und \u00f6kologische Einsparpotenzial. Daher schrauben wir Beleuchtung, Bel\u00fcftung und K\u00fchlung unserer Geb\u00e4ude auf das n\u00f6tige Minimum herunter.<br><\/li>\n\n\n\n<li><strong>Photovoltaik-Anlage<\/strong><br>40% des Strombedarfs der Unternehmenszentrale wird heute \u00fcber die eigene Photovoltaik-Anlage gespeist.<br><\/li>\n\n\n\n<li><strong>Klimaneutraler Post-Versand<\/strong><br>Wir arbeiten mit DHL \u2013 Go Green zusammen, wo die Fahrradzustellung oder Elektromobilit\u00e4t f\u00fcr eine Null-Emissions-Logistik im Fokus steht.<br><\/li>\n\n\n\n<li><strong>Einsparung von Plastikt\u00fcten<\/strong><br>In unseren Stores geben wir keine Plastikt\u00fcten mehr raus, sondern verkaufen f\u00fcr wenig Geld unsere Mehrweg-Einkaufstaschen, wobei 1\u20ac pro Tasche an die <a href=\"https:\/\/www.engbers.com\/header\/unternehmen\/ueber-uns\/bernhard-bosch-stiftung\/projekte\/\" target=\"_blank\" rel=\"noreferrer noopener\">Bernhard-Bosch-Stiftung<\/a> gespendet wird.<br><\/li>\n\n\n\n<li><strong>Einsatz von Fairtrade- und Bio-Kaffee sowie Kaffeevollautomaten<\/strong><br>Unsere Kunden trinken Kaffee ohne bitteren Beigeschmack! Denn wir setzen auf biologisch angebauten Fairtrade-Kaffee. Dieser ist sozialer, nachhaltiger und \u2013 f\u00fcr alle Beteiligten \u2013 auch ges\u00fcnder. Au\u00dferdem stellen wir sukzessive auf Kaffeevollautomaten um, wodurch bereits im ersten Jahr rund 124.000 Alukapseln&nbsp;eingespart wurden.<br><\/li>\n\n\n\n<li><strong>Bewusster Umgang mit B\u00fcro-, Dekorations- und Werbemitteln<\/strong><br>Neben dem Kosten-Nutzen-Faktor wird auf die Umweltvertr\u00e4glichkeit geachtet. Unser Lookbook wird beispielsweise auf Naturpapier produziert. Au\u00dferdem wird f\u00fcr jede unserer 300 Filialen der konkrete Bedarf an Werbemitteln ermittelt, um eine \u00dcberproduktion schon im Vorfeld zu vermeiden. Dar\u00fcber hinaus produzieren wir inzwischen viele Werbemitteln f\u00fcr mehrere Saisons und verwenden diese mehrfach. <br><\/li>\n\n\n\n<li><strong>Kompensation nicht vermeidbarer Treibhausgas-Emissionen<\/strong><br>Auch wenn wir stetig weiter unsere CO2-Emissionen reduzieren, entstehen dennoch durch Faktoren wie Strom-, Heizmittel- oder Kraftstoffverbrauch bislang unvermeidbare Emissionen. Diese kompensieren wir gemeinsam mit <a href=\"https:\/\/forliance.com\/?lang=de\" target=\"_blank\" rel=\"noreferrer noopener\">FORLIANCE<\/a> durch <a href=\"#projekt\">Klimaschutz-Projekte<\/a>. <\/li>\n<\/ol>\n\n\n\n<h4 class=\"wp-block-heading\">Bei der Produktion<\/h4>\n\n\n\n<figure class=\"wp-block-image size-large\"><img decoding=\"async\" width=\"1024\" height=\"384\" src=\"https:\/\/www.engbers.com\/blog\/wp-content\/uploads\/2023\/07\/Design-ohne-Titel-48-1024x384.png\" alt=\"Mehrere gro\u00dfe, hellblaue Garnspulen sind dicht nebeneinander angeordnet und bilden den Ausgangspunkt f\u00fcr die textile Weiterverarbeitung.\" class=\"wp-image-10549\" title=\"Materialien als Grundlage hochwertiger Produktion\" srcset=\"https:\/\/www.engbers.com\/blog\/wp-content\/uploads\/2023\/07\/Design-ohne-Titel-48-1024x384.png 1024w, https:\/\/www.engbers.com\/blog\/wp-content\/uploads\/2023\/07\/Design-ohne-Titel-48-300x113.png 300w, https:\/\/www.engbers.com\/blog\/wp-content\/uploads\/2023\/07\/Design-ohne-Titel-48-768x288.png 768w, https:\/\/www.engbers.com\/blog\/wp-content\/uploads\/2023\/07\/Design-ohne-Titel-48-1536x576.png 1536w, https:\/\/www.engbers.com\/blog\/wp-content\/uploads\/2023\/07\/Design-ohne-Titel-48-24x9.png 24w, https:\/\/www.engbers.com\/blog\/wp-content\/uploads\/2023\/07\/Design-ohne-Titel-48-36x14.png 36w, https:\/\/www.engbers.com\/blog\/wp-content\/uploads\/2023\/07\/Design-ohne-Titel-48-48x18.png 48w, https:\/\/www.engbers.com\/blog\/wp-content\/uploads\/2023\/07\/Design-ohne-Titel-48.png 1600w\" sizes=\"(max-width: 1024px) 100vw, 1024px\" \/><\/figure>\n\n\n\n<ol class=\"wp-block-list\">\n<li>Der Energie- und Wasserverbrauch wird durch modernste Maschinen innerhalb der Produktion gesenkt.<\/li>\n\n\n\n<li>Alle Lederjacken sind pflanzlich gegerbt, wodurch bei der Produktion auf chemische Stoffe verzichtet werden kann.<\/li>\n\n\n\n<li>Wir verzichten auf Echtpelz und Lebendrupf. <\/li>\n\n\n\n<li>Synthetik-Fasern werden sukzessive reduziert. Wir verwenden vorwiegend Naturfasern wie Baumwolle, Merinowolle, Leinen und Viskose.<br><br><a href=\"https:\/\/www.engbers.com\/herrenmode\/\" target=\"_blank\" rel=\"noreferrer noopener\">Jetzt M\u00e4nnermode aus nachhaltigen Materialien entdecken!<\/a><\/li>\n<\/ol>\n\n\n\n<hr class=\"wp-block-separator has-css-opacity\"\/>\n\n\n\n<h3 class=\"wp-block-heading\" id=\"projekt\">Unsere aktuellen Klimaschutz-Projekte<\/h3>\n\n\n\n<p>Im laufenden Gesch\u00e4ftsbetrieb gibt es aktuell noch unvermeidbare Treibhausgas-Emissionen, die vorrangig beim Transport der Ware vom Produzenten in die Stores entstehen. Neben Projekten, die darauf abzielen, die Lieferkette klimafreundlicher zu gestalten, leisten wir finanzielle Unterst\u00fctzung bei lizensierten Klimaschutz-Projekten im In- und Ausland. Dabei steht nicht nur die Aufforstung und Erhaltung nat\u00fcrlicher Ressourcen im Vordergrund, sondern auch die Unterst\u00fctzung der Menschen vor Ort.<\/p>\n\n\n\n<h4 class=\"wp-block-heading\">Re-Spire Westerwald, Deutschland<\/h4>\n\n\n\n<figure class=\"wp-block-gallery has-nested-images columns-default is-cropped wp-block-gallery-1 is-layout-flex wp-block-gallery-is-layout-flex\">\n<figure class=\"wp-block-image size-large\"><img decoding=\"async\" width=\"1024\" height=\"683\" data-id=\"10566\" src=\"https:\/\/www.engbers.com\/blog\/wp-content\/uploads\/2023\/07\/2021-10-Re-Spire-Montabaur_Foto_0309_pixieset-1024x683.jpg\" alt=\"Auf einer Freifl\u00e4che wachsen junge Pflanzen, die in regelm\u00e4\u00dfigen Abst\u00e4nden gepflanzt sind. Einige Setzlinge sind durch kleine Schutzvorrichtungen umgeben, im Hintergrund sind weitere junge B\u00e4ume und ein Waldrand zu sehen.\" class=\"wp-image-10566\" title=\"Aufforstung und nachhaltiger Umgang mit Ressourcen\" srcset=\"https:\/\/www.engbers.com\/blog\/wp-content\/uploads\/2023\/07\/2021-10-Re-Spire-Montabaur_Foto_0309_pixieset-1024x683.jpg 1024w, https:\/\/www.engbers.com\/blog\/wp-content\/uploads\/2023\/07\/2021-10-Re-Spire-Montabaur_Foto_0309_pixieset-300x200.jpg 300w, https:\/\/www.engbers.com\/blog\/wp-content\/uploads\/2023\/07\/2021-10-Re-Spire-Montabaur_Foto_0309_pixieset-768x512.jpg 768w, https:\/\/www.engbers.com\/blog\/wp-content\/uploads\/2023\/07\/2021-10-Re-Spire-Montabaur_Foto_0309_pixieset-1536x1024.jpg 1536w, https:\/\/www.engbers.com\/blog\/wp-content\/uploads\/2023\/07\/2021-10-Re-Spire-Montabaur_Foto_0309_pixieset-2048x1366.jpg 2048w, https:\/\/www.engbers.com\/blog\/wp-content\/uploads\/2023\/07\/2021-10-Re-Spire-Montabaur_Foto_0309_pixieset-930x620.jpg 930w, https:\/\/www.engbers.com\/blog\/wp-content\/uploads\/2023\/07\/2021-10-Re-Spire-Montabaur_Foto_0309_pixieset-24x16.jpg 24w, https:\/\/www.engbers.com\/blog\/wp-content\/uploads\/2023\/07\/2021-10-Re-Spire-Montabaur_Foto_0309_pixieset-36x24.jpg 36w, https:\/\/www.engbers.com\/blog\/wp-content\/uploads\/2023\/07\/2021-10-Re-Spire-Montabaur_Foto_0309_pixieset-48x32.jpg 48w\" sizes=\"(max-width: 1024px) 100vw, 1024px\" \/><figcaption class=\"wp-element-caption\">\u00a9 Bosques Amaz\u00f3nicos SAC<\/figcaption><\/figure>\n\n\n\n<figure class=\"wp-block-image size-large\"><img loading=\"lazy\" decoding=\"async\" width=\"1024\" height=\"683\" data-id=\"10567\" src=\"https:\/\/www.engbers.com\/blog\/wp-content\/uploads\/2023\/07\/2021-10-Re-Spire-Montabaur_Foto_0423_pixieset-1024x683.jpg\" alt=\"Luftaufnahme eines dichten, vielf\u00e4ltigen Waldes mit unterschiedlich gro\u00dfen B\u00e4umen in verschiedenen Gr\u00fcnt\u00f6nen, die eine geschlossene Baumkrone bilden.\" class=\"wp-image-10567\" title=\"Erhalt und Schutz nat\u00fcrlicher Waldfl\u00e4chen\" srcset=\"https:\/\/www.engbers.com\/blog\/wp-content\/uploads\/2023\/07\/2021-10-Re-Spire-Montabaur_Foto_0423_pixieset-1024x683.jpg 1024w, https:\/\/www.engbers.com\/blog\/wp-content\/uploads\/2023\/07\/2021-10-Re-Spire-Montabaur_Foto_0423_pixieset-300x200.jpg 300w, https:\/\/www.engbers.com\/blog\/wp-content\/uploads\/2023\/07\/2021-10-Re-Spire-Montabaur_Foto_0423_pixieset-768x512.jpg 768w, https:\/\/www.engbers.com\/blog\/wp-content\/uploads\/2023\/07\/2021-10-Re-Spire-Montabaur_Foto_0423_pixieset-1536x1024.jpg 1536w, https:\/\/www.engbers.com\/blog\/wp-content\/uploads\/2023\/07\/2021-10-Re-Spire-Montabaur_Foto_0423_pixieset-2048x1366.jpg 2048w, https:\/\/www.engbers.com\/blog\/wp-content\/uploads\/2023\/07\/2021-10-Re-Spire-Montabaur_Foto_0423_pixieset-930x620.jpg 930w, https:\/\/www.engbers.com\/blog\/wp-content\/uploads\/2023\/07\/2021-10-Re-Spire-Montabaur_Foto_0423_pixieset-24x16.jpg 24w, https:\/\/www.engbers.com\/blog\/wp-content\/uploads\/2023\/07\/2021-10-Re-Spire-Montabaur_Foto_0423_pixieset-36x24.jpg 36w, https:\/\/www.engbers.com\/blog\/wp-content\/uploads\/2023\/07\/2021-10-Re-Spire-Montabaur_Foto_0423_pixieset-48x32.jpg 48w\" sizes=\"(max-width: 1024px) 100vw, 1024px\" \/><figcaption class=\"wp-element-caption\">\u00a9 Bosques Amaz\u00f3nicos SAC<\/figcaption><\/figure>\n<\/figure>\n\n\n\n<p>Die Projektfl\u00e4che im Westerwald wurde seit 2018 durch St\u00fcrme, D\u00fcrren und Borkenk\u00e4fer gesch\u00e4digt. Durch das Pflanzen sowie der Pflege klimatoleranter Baumarten, soll sichergestellt werden, dass ein robuster Mischwald entsteht, der langfristig Kohlendioxid aus der Atmosph\u00e4re entnimmt. Dadurch wird ein hochwertiger Lebensraums f\u00fcr eine gr\u00f6\u00dfere Artenvielfalt geschaffen und die nachhaltige Produktion von Holz gef\u00f6rdert. Zus\u00e4tzlich genie\u00dft die lokale Bev\u00f6lkerung ein vielf\u00e4ltiges Naherholungsgebiet. <\/p>\n\n\n\n<h4 class=\"wp-block-heading\">Paranuss Regenwald, Peru<\/h4>\n\n\n\n<figure class=\"wp-block-gallery has-nested-images columns-default is-cropped wp-block-gallery-2 is-layout-flex wp-block-gallery-is-layout-flex\">\n<figure class=\"wp-block-image size-large\"><img loading=\"lazy\" decoding=\"async\" width=\"1024\" height=\"688\" data-id=\"10568\" src=\"https:\/\/www.engbers.com\/blog\/wp-content\/uploads\/2023\/07\/Peru2-1024x688.jpg\" alt=\"Eine Person steht im dichten Regenwald und ber\u00fchrt den Stamm eines gro\u00dfen Baumes. \" class=\"wp-image-10568\" title=\"Paranuss-Anbau im Regenwald in Peru\" srcset=\"https:\/\/www.engbers.com\/blog\/wp-content\/uploads\/2023\/07\/Peru2-1024x688.jpg 1024w, https:\/\/www.engbers.com\/blog\/wp-content\/uploads\/2023\/07\/Peru2-300x202.jpg 300w, https:\/\/www.engbers.com\/blog\/wp-content\/uploads\/2023\/07\/Peru2-768x516.jpg 768w, https:\/\/www.engbers.com\/blog\/wp-content\/uploads\/2023\/07\/Peru2-24x16.jpg 24w, https:\/\/www.engbers.com\/blog\/wp-content\/uploads\/2023\/07\/Peru2-36x24.jpg 36w, https:\/\/www.engbers.com\/blog\/wp-content\/uploads\/2023\/07\/Peru2-48x32.jpg 48w, https:\/\/www.engbers.com\/blog\/wp-content\/uploads\/2023\/07\/Peru2.jpg 1225w\" sizes=\"(max-width: 1024px) 100vw, 1024px\" \/><figcaption class=\"wp-element-caption\">\u00a9 Bosques Amaz\u00f3nicos SAC<\/figcaption><\/figure>\n\n\n\n<figure class=\"wp-block-image size-large\"><img loading=\"lazy\" decoding=\"async\" width=\"1024\" height=\"688\" data-id=\"10569\" src=\"https:\/\/www.engbers.com\/blog\/wp-content\/uploads\/2023\/07\/Peru1-1024x688.jpg\" alt=\"Eine Person kniet im Regenwald auf dem Waldboden und sammelt Naturprodukte. Neben ihr liegen weitere gesammelte Fr\u00fcchte sowie ein geflochtener Korb.\" class=\"wp-image-10569\" title=\"Ernte nat\u00fcrlicher Rohstoffe im Regenwald\" srcset=\"https:\/\/www.engbers.com\/blog\/wp-content\/uploads\/2023\/07\/Peru1-1024x688.jpg 1024w, https:\/\/www.engbers.com\/blog\/wp-content\/uploads\/2023\/07\/Peru1-300x202.jpg 300w, https:\/\/www.engbers.com\/blog\/wp-content\/uploads\/2023\/07\/Peru1-768x516.jpg 768w, https:\/\/www.engbers.com\/blog\/wp-content\/uploads\/2023\/07\/Peru1-24x16.jpg 24w, https:\/\/www.engbers.com\/blog\/wp-content\/uploads\/2023\/07\/Peru1-36x24.jpg 36w, https:\/\/www.engbers.com\/blog\/wp-content\/uploads\/2023\/07\/Peru1-48x32.jpg 48w, https:\/\/www.engbers.com\/blog\/wp-content\/uploads\/2023\/07\/Peru1.jpg 1237w\" sizes=\"(max-width: 1024px) 100vw, 1024px\" \/><figcaption class=\"wp-element-caption\">\u00a9 Bosques Amaz\u00f3nicos SAC<\/figcaption><\/figure>\n<\/figure>\n\n\n\n<p>Das Paranuss Regenwald Projekt (Madre de Dios-Region) zielt darauf ab, Entwaldung und Waldsch\u00e4digung zu reduzieren sowie eine nachhaltige Waldbewirtschaftung und den Erhalt der biologischen Vielfalt zu f\u00f6rdern. Neben dem Schutz von 48 gef\u00e4hrdeten Pflanzen- und Tierarten, steht ebenso die Verbesserung der Ertr\u00e4ge der Paranuss-Ernte im Fokus. So wird eine stabile Einkommensquelle f\u00fcr die Gemeinde geschaffen. Als weitere Ma\u00dfnahme werden \u00dcberwachungssysteme installiert, um die Waldzerst\u00f6rung zu stoppen. <\/p>\n\n\n\n<hr class=\"wp-block-separator has-css-opacity\"\/>\n\n\n\n<h3 class=\"wp-block-heading\">Produktionsorte &amp; Arbeitsbedingungen<\/h3>\n\n\n\n<p>Unsere Produktionsorte w\u00e4hlen wir nach &#8222;Kompetenzst\u00e4rke&#8220;. Das bedeutet, dass wir nach \u00fcber 75-j\u00e4hriger Erfahrung auf den jeweils st\u00e4rksten Lieferanten in puncto Produktionstechnik und Warenqualit\u00e4t in den verschiedenen &#8222;Warengruppen&#8220; (z.B. T-Shirt, Hemd, Jeans) setzen. Dadurch haben wir weltweit Lieferanten, darunter Fernost und Europa.  Alle Lieferanten m\u00fcssen sich an wirtschaftliche, \u00f6kologische und soziale Vorschriften bzw. Normen des jeweiligen Landes halten und sind nach mindestens einem der internationalen Standards zertifiziert. Einer der wichtigsten Standards ist der<a href=\"https:\/\/www.tuv.com\/germany\/de\/lieferantenbewertung-mit-bsci-audit.html\" target=\"_blank\" rel=\"noreferrer noopener\"> BSCI (Initiative zur \u00dcberwachung sozialer Verantwortung im Gewerbe)<\/a>. Hier geht es um die Verbesserung der Arbeitsbedingungen vor Ort. <br>Dar\u00fcber hinaus suchen wir Partner, die Nachhaltigkeit wirklich leben. Sie zahlen etwa den Mindestlohn, garantieren eine \u00e4rztliche Versorgung oder haben eine eigene Kita f\u00fcr die Kinder der Mitarbeiter gegr\u00fcndet. Unser Einkaufsteam kontrolliert die Bedingungen zudem kontinuierlich vor Ort selbst.<\/p>\n\n\n\n<figure class=\"wp-block-embed is-type-video is-provider-youtube wp-block-embed-youtube\"><div class=\"wp-block-embed__wrapper\">\n<div class=\"nv-iframe-embed\"><iframe title=\"Einblick in unsere Produktion\" width=\"1200\" height=\"675\" src=\"https:\/\/www.youtube.com\/embed\/el8ELmXFa8k?start=24&#038;feature=oembed\" frameborder=\"0\" allow=\"accelerometer; autoplay; clipboard-write; encrypted-media; gyroscope; picture-in-picture; web-share\" referrerpolicy=\"strict-origin-when-cross-origin\" allowfullscreen><\/iframe><\/div>\n<\/div><\/figure>\n\n\n\n<div style=\"height:30px\" aria-hidden=\"true\" class=\"wp-block-spacer\"><\/div>\n\n\n\n<div style=\"height:10px\" aria-hidden=\"true\" class=\"wp-block-spacer\"><\/div>\n\n\n\n<h3 class=\"wp-block-heading\">Einblick bei unserem Lieferanten Energypac<\/h3>\n\n\n\n<p>Hinter jedem Produkt steht weit mehr als nur das fertige Ergebnis \u2013 es ist das Ergebnis zahlreicher aufeinander abgestimmter Arbeitsschritte und viel handwerklichem K\u00f6nnen. Um diesen Prozess greifbarer zu machen, gibt das folgende Video einen Einblick in die Produktion bei unserem Partner Energypac.<\/p>\n\n\n\n<p>Die Aufnahmen zeigen, wie aus einzelnen Materialien Schritt f\u00fcr Schritt ein hochwertiges Kleidungsst\u00fcck entsteht. Dabei wird deutlich, wie viel Sorgfalt, Erfahrung und Pr\u00e4zision in jedem Detail steckt. Gleichzeitig entsteht ein authentischer Eindruck von den Abl\u00e4ufen und den Gegebenheiten vor Ort, der die Komplexit\u00e4t der Fertigung sichtbar macht und ein besseres Verst\u00e4ndnis f\u00fcr die Qualit\u00e4t und den Anspruch hinter jedem einzelnen Produkt vermittelt.<\/p>\n\n\n\n<div style=\"height:30px\" aria-hidden=\"true\" class=\"wp-block-spacer\"><\/div>\n\n\n\n<figure class=\"wp-block-embed is-type-video is-provider-youtube wp-block-embed-youtube\"><div class=\"wp-block-embed__wrapper\">\n<div class=\"nv-iframe-embed\"><iframe title=\"Energypac Fashions Limited\" width=\"1200\" height=\"675\" src=\"https:\/\/www.youtube.com\/embed\/VMDfmvs8PlQ?feature=oembed\" frameborder=\"0\" allow=\"accelerometer; autoplay; clipboard-write; encrypted-media; gyroscope; picture-in-picture; web-share\" referrerpolicy=\"strict-origin-when-cross-origin\" allowfullscreen><\/iframe><\/div>\n<\/div><\/figure>\n\n\n\n<div style=\"height:50px\" aria-hidden=\"true\" class=\"wp-block-spacer\"><\/div>\n\n\n\n<div style=\"height:10px\" aria-hidden=\"true\" class=\"wp-block-spacer\"><\/div>\n\n\n\n<hr class=\"wp-block-separator has-css-opacity\"\/>\n\n\n\n<h3 class=\"wp-block-heading\">Was passiert mit der Ware, die wir nicht verkaufen?<\/h3>\n\n\n\n<figure class=\"wp-block-image size-large\"><img loading=\"lazy\" decoding=\"async\" width=\"1024\" height=\"384\" src=\"https:\/\/www.engbers.com\/blog\/wp-content\/uploads\/2023\/07\/Design-ohne-Titel-47-1024x384.png\" alt=\"Im Vordergrund h\u00e4lt eine Person eine Kiste mit Textilien und l\u00e4chelt eine andere Person an.\" class=\"wp-image-10545\" title=\"Umgang mit nicht verkaufter Ware\" srcset=\"https:\/\/www.engbers.com\/blog\/wp-content\/uploads\/2023\/07\/Design-ohne-Titel-47-1024x384.png 1024w, https:\/\/www.engbers.com\/blog\/wp-content\/uploads\/2023\/07\/Design-ohne-Titel-47-300x113.png 300w, https:\/\/www.engbers.com\/blog\/wp-content\/uploads\/2023\/07\/Design-ohne-Titel-47-768x288.png 768w, https:\/\/www.engbers.com\/blog\/wp-content\/uploads\/2023\/07\/Design-ohne-Titel-47-1536x576.png 1536w, https:\/\/www.engbers.com\/blog\/wp-content\/uploads\/2023\/07\/Design-ohne-Titel-47-24x9.png 24w, https:\/\/www.engbers.com\/blog\/wp-content\/uploads\/2023\/07\/Design-ohne-Titel-47-36x14.png 36w, https:\/\/www.engbers.com\/blog\/wp-content\/uploads\/2023\/07\/Design-ohne-Titel-47-48x18.png 48w, https:\/\/www.engbers.com\/blog\/wp-content\/uploads\/2023\/07\/Design-ohne-Titel-47.png 1600w\" sizes=\"(max-width: 1024px) 100vw, 1024px\" \/><\/figure>\n\n\n\n<p><\/p>\n\n\n\n<p>Nicht alle Artikel einer Kollektion verkaufen sich gleich stark. Daher verkaufen wir Artikel mit Restbest\u00e4nden zun\u00e4chst stark verg\u00fcnstigt im Sommer- oder Winterschlussverkauf, in R\u00e4umungsverk\u00e4ufen oder auf &#8222;Sonderfl\u00e4chen&#8220; in Einkaufs-Centern. Damit schaffen wir in unserem Lager Platz f\u00fcr die neue Kollektion. Verkaufen wir dort die Artikel nicht, spenden wir diese an die Tafel Deutschland und Hilfsorganisationen in Afrika. Das &#8222;Schreddern&#8220; von Artikeln, von dem in Medien berichtet wird, w\u00fcrde unserer Unternehmens-Philosophie widersprechen und steht daher nicht zur Diskussion. <\/p>\n\n\n\n<hr class=\"wp-block-separator has-css-opacity\"\/>\n\n\n\n<h2 class=\"wp-block-heading\"><strong>Beste Produktqualit\u00e4t 2025 \u2013 Platz 1 zum dritten Mal in Folge<\/strong><\/h2>\n\n\n\n<div class=\"wp-block-columns is-layout-flex wp-container-core-columns-is-layout-9d6595d7 wp-block-columns-is-layout-flex\">\n<div class=\"wp-block-column is-layout-flow wp-block-column-is-layout-flow\" style=\"flex-basis:33.33%\">\n<figure class=\"wp-block-image size-full is-resized\"><img loading=\"lazy\" decoding=\"async\" width=\"478\" height=\"360\" src=\"https:\/\/www.engbers.com\/blog\/wp-content\/uploads\/2023\/07\/Design-ohne-Titel.png\" alt=\"Beste Produktqualit\u00e4t 1 Platz Engbers Auszeichnung \" class=\"wp-image-14369\" style=\"width:446px;height:auto\" title=\"Beste Produktqualit\u00e4\" srcset=\"https:\/\/www.engbers.com\/blog\/wp-content\/uploads\/2023\/07\/Design-ohne-Titel.png 478w, https:\/\/www.engbers.com\/blog\/wp-content\/uploads\/2023\/07\/Design-ohne-Titel-300x226.png 300w, https:\/\/www.engbers.com\/blog\/wp-content\/uploads\/2023\/07\/Design-ohne-Titel-24x18.png 24w, https:\/\/www.engbers.com\/blog\/wp-content\/uploads\/2023\/07\/Design-ohne-Titel-36x27.png 36w, https:\/\/www.engbers.com\/blog\/wp-content\/uploads\/2023\/07\/Design-ohne-Titel-48x36.png 48w\" sizes=\"(max-width: 478px) 100vw, 478px\" \/><\/figure>\n<\/div>\n<\/div>\n\n\n\n<p style=\"font-size:16px\">Engbers ist erneut Branchensieger in der Studie \u201eBeste Produktqualit\u00e4t 2025\u201c und erreicht zum 3. Mal in Folge den ersten Platz. Unser Ziel ist, unsere Kunden durch au\u00dfergew\u00f6hnlich hohe Produktqualit\u00e4t zu begeistern. Angesichts steigender Lebenshaltungskosten legen Verbraucher zunehmend mehr Wert auf langlebige und qualitativ hochwertige Produkte und entscheiden sich deshalb f\u00fcr engbers &#8211; dies spiegelt sich auch in ihrer langj\u00e4hrigen Treue wider.<\/p>\n\n\n\n<p>Insgesamt wurden 195.000 Teilnehmer in einer Online-Studie zum Thema Produktqualit\u00e4t befragt. Dabei wurden 1.444 Marken aus \u00fcber 60 Branchen auf den Pr\u00fcfstand gestellt.<\/p>\n\n\n\n<div class=\"wp-block-buttons is-layout-flex wp-block-buttons-is-layout-flex\">\n<div class=\"wp-block-button has-custom-width wp-block-button__width-50 is-style-fill\"><a class=\"wp-block-button__link has-neve-button-color-background-color has-background wp-element-button\" href=\"https:\/\/www.engbers.com\/unternehmen\/ueber-uns\/ausgezeichnet\/\" target=\"_blank\" rel=\"https:\/\/www.engbers.com\/unternehmen\/ueber-uns\/ausgezeichnet\/ noopener\">Mehr \u00fcber unsere auszeichnungen<\/a><\/div>\n<\/div>\n\n\n\n<div class=\"wp-block-columns is-layout-flex wp-container-core-columns-is-layout-9d6595d7 wp-block-columns-is-layout-flex\">\n<div class=\"wp-block-column is-layout-flow wp-block-column-is-layout-flow\" style=\"flex-basis:33.33%\"><\/div>\n\n\n\n<div class=\"wp-block-column is-layout-flow wp-block-column-is-layout-flow\"><\/div>\n\n\n\n<div class=\"wp-block-column is-layout-flow wp-block-column-is-layout-flow\" style=\"flex-basis:66.66%\"><\/div>\n<\/div>\n\n\n\n<hr class=\"wp-block-separator has-css-opacity is-style-wide\"\/>\n\n\n\n<h4 class=\"wp-block-heading\">Du hast noch Fragen zum Thema Nachhaltigkeit, Qualit\u00e4t oder Produktion? Schreibe sie uns in die Kommentare! <\/h4>\n\n\n\n<p><\/p>\n","protected":false},"excerpt":{"rendered":"<p>Klimaschutz, faire Arbeitsbedingungen &amp; Produktqualit\u00e4t Wie wurde meine gekaufte Kleidung produziert? Wie sind die Arbeitsbedingungen in den Produktionen und wird der Klimaschutz ber\u00fccksichtigt? Das Bewusstsein f\u00fcr Klimaschutz und faire, sichere Arbeitsbedingungen steigt und beeinflusst die Kaufentscheidung. In diesem Beitrag findest Du auf einem Blick alle Informationen \u00fcber unser Engagement zu den Themen: Klimaschutz, Produktqualit\u00e4t und&hellip;&nbsp;<a href=\"https:\/\/www.engbers.com\/blog\/nachhaltigkeit-qualitat\/\" class=\"\" rel=\"bookmark\">Weiterlesen &raquo;<span class=\"screen-reader-text\">Nachhaltigkeit &#038; Qualit\u00e4t bei engbers<\/span><\/a><\/p>\n","protected":false},"author":12,"featured_media":10544,"comment_status":"open","ping_status":"open","sticky":false,"template":"","format":"standard","meta":{"footnotes":""},"categories":[6,8],"tags":[149,152,206,267,1107,1235],"class_list":["post-10533","post","type-post","status-publish","format-standard","has-post-thumbnail","hentry","category-lifestyle","category-inside","tag-klimaschutz","tag-nachhaltigkeit","tag-produktion","tag-auszeichnung","tag-qualitaet","tag-siegel"],"aioseo_notices":[],"_links":{"self":[{"href":"https:\/\/www.engbers.com\/blog\/wp-json\/wp\/v2\/posts\/10533","targetHints":{"allow":["GET"]}}],"collection":[{"href":"https:\/\/www.engbers.com\/blog\/wp-json\/wp\/v2\/posts"}],"about":[{"href":"https:\/\/www.engbers.com\/blog\/wp-json\/wp\/v2\/types\/post"}],"author":[{"embeddable":true,"href":"https:\/\/www.engbers.com\/blog\/wp-json\/wp\/v2\/users\/12"}],"replies":[{"embeddable":true,"href":"https:\/\/www.engbers.com\/blog\/wp-json\/wp\/v2\/comments?post=10533"}],"version-history":[{"count":41,"href":"https:\/\/www.engbers.com\/blog\/wp-json\/wp\/v2\/posts\/10533\/revisions"}],"predecessor-version":[{"id":15816,"href":"https:\/\/www.engbers.com\/blog\/wp-json\/wp\/v2\/posts\/10533\/revisions\/15816"}],"wp:featuredmedia":[{"embeddable":true,"href":"https:\/\/www.engbers.com\/blog\/wp-json\/wp\/v2\/media\/10544"}],"wp:attachment":[{"href":"https:\/\/www.engbers.com\/blog\/wp-json\/wp\/v2\/media?parent=10533"}],"wp:term":[{"taxonomy":"category","embeddable":true,"href":"https:\/\/www.engbers.com\/blog\/wp-json\/wp\/v2\/categories?post=10533"},{"taxonomy":"post_tag","embeddable":true,"href":"https:\/\/www.engbers.com\/blog\/wp-json\/wp\/v2\/tags?post=10533"}],"curies":[{"name":"wp","href":"https:\/\/api.w.org\/{rel}","templated":true}]}}