{"id":13352,"date":"2026-03-18T15:58:29","date_gmt":"2026-03-18T14:58:29","guid":{"rendered":"https:\/\/www.engbers.com\/blog\/?p=13352"},"modified":"2026-03-23T07:48:05","modified_gmt":"2026-03-23T06:48:05","slug":"jacken-trends-2025","status":"publish","type":"post","link":"https:\/\/www.engbers.com\/blog\/jacken-trends-2025\/","title":{"rendered":"Neue [ea]Jacken-Trends 2026"},"content":{"rendered":"\n<figure class=\"wp-block-image size-large is-style-default\"><img fetchpriority=\"high\" decoding=\"async\" width=\"1024\" height=\"640\" src=\"https:\/\/www.engbers.com\/blog\/wp-content\/uploads\/2025\/02\/Design-ohne-Titel-2-1024x640.jpg\" alt=\"Das Model tr\u00e4gt am Strand eine blaue Blouson Jacke von emilio adani. Sportlich kombiniert mit einem grauen Sweatshirt. \" class=\"wp-image-14902\" title=\"Blaue emilio adani Blouson Jacke \" srcset=\"https:\/\/www.engbers.com\/blog\/wp-content\/uploads\/2025\/02\/Design-ohne-Titel-2-1024x640.jpg 1024w, https:\/\/www.engbers.com\/blog\/wp-content\/uploads\/2025\/02\/Design-ohne-Titel-2-300x188.jpg 300w, https:\/\/www.engbers.com\/blog\/wp-content\/uploads\/2025\/02\/Design-ohne-Titel-2-768x480.jpg 768w, https:\/\/www.engbers.com\/blog\/wp-content\/uploads\/2025\/02\/Design-ohne-Titel-2-24x15.jpg 24w, https:\/\/www.engbers.com\/blog\/wp-content\/uploads\/2025\/02\/Design-ohne-Titel-2-36x23.jpg 36w, https:\/\/www.engbers.com\/blog\/wp-content\/uploads\/2025\/02\/Design-ohne-Titel-2-48x30.jpg 48w, https:\/\/www.engbers.com\/blog\/wp-content\/uploads\/2025\/02\/Design-ohne-Titel-2.jpg 1536w\" sizes=\"(max-width: 1024px) 100vw, 1024px\" \/><\/figure>\n\n\n\n<p><\/p>\n\n\n\n<p>Der Fr\u00fchling r\u00fcckt n\u00e4her und die schweren Winterjacken d\u00fcrfen langsam in den Schrank wandern. Zeit f\u00fcr frische \u00dcbergangsjacken \u2013 nat\u00fcrlich mit Stil! Wir zeigen Dir, welche Modelle in den kommenden Monaten besonders angesagt sind. In Februar, M\u00e4rz und April erwacht nicht nur die Natur, sondern auch die Welt der \u00dcbergangsjacken: von etwas kr\u00e4ftigeren Leder- und Bomberjacken bis hin zu leichten Overshirts ist alles vertreten.<\/p>\n\n\n\n<p>Unsere Auswahl macht es Dir leicht, schon jetzt stilvoll und gepflegt durch die Saison zu gehen \u2013 und dabei bestens auf das typische wechselhafte Wetter vorbereitet zu sein. Au\u00dferdem geben wir Dir hilfreiche Tipps, worauf Du achten solltest, bevor Deine Winterjacke bis zur n\u00e4chsten Saison ihren Platz im Kleiderschrank einnimmt.<\/p>\n\n\n\n<p><\/p>\n\n\n\n<hr class=\"wp-block-separator has-css-opacity is-style-default\"\/>\n\n\n\n<h2 class=\"wp-block-heading\">Funktionsjacken &#8211; Style und Schutz bei jedem Wetter<\/h2>\n\n\n\n<p><\/p>\n\n\n\n<div class=\"wp-block-columns is-layout-flex wp-container-core-columns-is-layout-9d6595d7 wp-block-columns-is-layout-flex\">\n<div class=\"wp-block-column is-layout-flow wp-block-column-is-layout-flow\" style=\"flex-basis:100%\">\n<div class=\"wp-block-group\"><div class=\"wp-block-group__inner-container is-layout-flow wp-block-group-is-layout-flow\">\n<div class=\"wp-block-columns is-layout-flex wp-container-core-columns-is-layout-9d6595d7 wp-block-columns-is-layout-flex\">\n<div class=\"wp-block-column is-layout-flow wp-block-column-is-layout-flow\" style=\"flex-basis:50%\">\n<figure class=\"wp-block-image size-large\"><img decoding=\"async\" width=\"1024\" height=\"640\" src=\"https:\/\/www.engbers.com\/blog\/wp-content\/uploads\/2025\/02\/Design-ohne-Titel-4-1024x640.jpg\" alt=\"Mann tr\u00e4gt eine dunkle emilio adani Jacke \u00fcber einem grauen Hoodie am Strand, kombiniert im l\u00e4ssigen Layering-Stil.\" class=\"wp-image-14908\" title=\"Sportive emilio adani Jacke im Layering-Look\" srcset=\"https:\/\/www.engbers.com\/blog\/wp-content\/uploads\/2025\/02\/Design-ohne-Titel-4-1024x640.jpg 1024w, https:\/\/www.engbers.com\/blog\/wp-content\/uploads\/2025\/02\/Design-ohne-Titel-4-300x188.jpg 300w, https:\/\/www.engbers.com\/blog\/wp-content\/uploads\/2025\/02\/Design-ohne-Titel-4-768x480.jpg 768w, https:\/\/www.engbers.com\/blog\/wp-content\/uploads\/2025\/02\/Design-ohne-Titel-4-24x15.jpg 24w, https:\/\/www.engbers.com\/blog\/wp-content\/uploads\/2025\/02\/Design-ohne-Titel-4-36x23.jpg 36w, https:\/\/www.engbers.com\/blog\/wp-content\/uploads\/2025\/02\/Design-ohne-Titel-4-48x30.jpg 48w, https:\/\/www.engbers.com\/blog\/wp-content\/uploads\/2025\/02\/Design-ohne-Titel-4.jpg 1536w\" sizes=\"(max-width: 1024px) 100vw, 1024px\" \/><\/figure>\n\n\n\n<div class=\"wp-block-buttons is-layout-flex wp-block-buttons-is-layout-flex\"><\/div>\n<\/div>\n\n\n\n<div class=\"wp-block-column is-layout-flow wp-block-column-is-layout-flow\" style=\"flex-basis:50%\">\n<p>Die sportive, wasserabweisende Jacke von emilio adani \u00fcberzeugt mit winddichten und atmungsaktiven Eigenschaften f\u00fcr optimalen Komfort. Praktische Innen- und Rei\u00dfverschlusstaschen bieten sicheren Stauraum, w\u00e4hrend die hochwertige Verarbeitung zuverl\u00e4ssigen Schutz garantiert. In Kombination mit Jeans und Shirt entsteht ein moderner Look.<\/p>\n\n\n\n<div class=\"wp-block-buttons is-layout-flex wp-block-buttons-is-layout-flex\">\n<div class=\"wp-block-button is-style-fill\"><a class=\"wp-block-button__link wp-element-button\" href=\"https:\/\/www.engbers.com\/emilio-adani-jacke-marineblau-40262\" target=\"_blank\" rel=\"noreferrer noopener\">jetzt kaufen <\/a><\/div>\n<\/div>\n<\/div>\n<\/div>\n<\/div><\/div>\n<\/div>\n<\/div>\n\n\n\n<div style=\"height:10px\" aria-hidden=\"true\" class=\"wp-block-spacer\"><\/div>\n\n\n\n<hr class=\"wp-block-separator has-css-opacity\"\/>\n\n\n\n<div class=\"wp-block-columns is-layout-flex wp-container-core-columns-is-layout-9d6595d7 wp-block-columns-is-layout-flex\">\n<div class=\"wp-block-column is-layout-flow wp-block-column-is-layout-flow\">\n<p>Dieses Essential ist ein echtes Ass was die Leistung angeht. Die 2-in-1 Parkajacke verbindet funktionalen Komfort mit maskulinem Stil und ist damit ein echtes Allround-Talent f\u00fcr jede Jahreszeit. Dank der wasserabweisenden Oberfl\u00e4che und der herausnehmbaren, gesteppten Weste passt sie sich flexibel an wechselnde Temperaturen an.<\/p>\n\n\n\n<div class=\"wp-block-buttons is-layout-flex wp-block-buttons-is-layout-flex\">\n<div class=\"wp-block-button\"><a class=\"wp-block-button__link wp-element-button\" href=\"https:\/\/www.engbers.com\/emilio-adani-2-in-1-parkajacke-beige-40016\" target=\"_blank\" rel=\"noreferrer noopener\">JETZT KAUFEN<\/a><\/div>\n<\/div>\n<\/div>\n\n\n\n<div class=\"wp-block-column is-layout-flow wp-block-column-is-layout-flow\">\n<figure class=\"wp-block-image size-large\"><img decoding=\"async\" width=\"1024\" height=\"576\" src=\"https:\/\/www.engbers.com\/blog\/wp-content\/uploads\/2025\/02\/Design-ohne-Titel-7-1-1024x576.jpg\" alt=\"Beiger emilio adani Herrenparka mit Kapuze und Rei\u00dfverschl\u00fcssen, kombiniert mit Jeans und dunkler Innenjacke.\" class=\"wp-image-14922\" title=\"2-in-1 Parka in Beige\" srcset=\"https:\/\/www.engbers.com\/blog\/wp-content\/uploads\/2025\/02\/Design-ohne-Titel-7-1-1024x576.jpg 1024w, https:\/\/www.engbers.com\/blog\/wp-content\/uploads\/2025\/02\/Design-ohne-Titel-7-1-300x169.jpg 300w, https:\/\/www.engbers.com\/blog\/wp-content\/uploads\/2025\/02\/Design-ohne-Titel-7-1-768x432.jpg 768w, https:\/\/www.engbers.com\/blog\/wp-content\/uploads\/2025\/02\/Design-ohne-Titel-7-1-24x13.jpg 24w, https:\/\/www.engbers.com\/blog\/wp-content\/uploads\/2025\/02\/Design-ohne-Titel-7-1-36x20.jpg 36w, https:\/\/www.engbers.com\/blog\/wp-content\/uploads\/2025\/02\/Design-ohne-Titel-7-1-48x27.jpg 48w, https:\/\/www.engbers.com\/blog\/wp-content\/uploads\/2025\/02\/Design-ohne-Titel-7-1.jpg 1366w\" sizes=\"(max-width: 1024px) 100vw, 1024px\" \/><\/figure>\n<\/div>\n<\/div>\n\n\n\n<div style=\"height:24px\" aria-hidden=\"true\" class=\"wp-block-spacer\"><\/div>\n\n\n\n<hr class=\"wp-block-separator has-css-opacity\"\/>\n\n\n\n<div class=\"wp-block-columns is-layout-flex wp-container-core-columns-is-layout-9d6595d7 wp-block-columns-is-layout-flex\">\n<div class=\"wp-block-column is-layout-flow wp-block-column-is-layout-flow\">\n<figure class=\"wp-block-image size-large\"><img loading=\"lazy\" decoding=\"async\" width=\"1024\" height=\"640\" src=\"https:\/\/www.engbers.com\/blog\/wp-content\/uploads\/2025\/02\/Design-ohne-Titel-5-1024x640.jpg\" alt=\"Dunkelblaue emilio adani Herren-Steppjacke mit Stehkragen und Rei\u00dfverschluss, getragen zu hellem Shirt und Hose.\" class=\"wp-image-14913\" title=\"Leichte amilio adani Steppjacke in Dunkelblau\" srcset=\"https:\/\/www.engbers.com\/blog\/wp-content\/uploads\/2025\/02\/Design-ohne-Titel-5-1024x640.jpg 1024w, https:\/\/www.engbers.com\/blog\/wp-content\/uploads\/2025\/02\/Design-ohne-Titel-5-300x188.jpg 300w, https:\/\/www.engbers.com\/blog\/wp-content\/uploads\/2025\/02\/Design-ohne-Titel-5-768x480.jpg 768w, https:\/\/www.engbers.com\/blog\/wp-content\/uploads\/2025\/02\/Design-ohne-Titel-5-24x15.jpg 24w, https:\/\/www.engbers.com\/blog\/wp-content\/uploads\/2025\/02\/Design-ohne-Titel-5-36x23.jpg 36w, https:\/\/www.engbers.com\/blog\/wp-content\/uploads\/2025\/02\/Design-ohne-Titel-5-48x30.jpg 48w, https:\/\/www.engbers.com\/blog\/wp-content\/uploads\/2025\/02\/Design-ohne-Titel-5.jpg 1536w\" sizes=\"(max-width: 1024px) 100vw, 1024px\" \/><\/figure>\n<\/div>\n\n\n\n<div class=\"wp-block-column is-layout-flow wp-block-column-is-layout-flow\">\n<p>Diese leichte Steppjacke \u00fcberzeugt mit ihrer nachhaltigen SORONA-F\u00fcllung, die f\u00fcr angenehme W\u00e4rme und hohen Tragekomfort sorgt. Praktische Rei\u00dfverschlusstaschen und Innentaschen bieten funktionalen Stauraum, w\u00e4hrend die hochwertige Verarbeitung den Look stilvoll abrundet.<\/p>\n\n\n\n<div class=\"wp-block-buttons is-layout-flex wp-block-buttons-is-layout-flex\">\n<div class=\"wp-block-button\"><a class=\"wp-block-button__link wp-element-button\" href=\"https:\/\/www.engbers.com\/emilio-adani-steppjacke-saphirblau-40020\" target=\"_blank\" rel=\"noreferrer noopener\">JETZT KAUFEN <\/a><\/div>\n<\/div>\n\n\n\n<p><\/p>\n<\/div>\n<\/div>\n\n\n\n<div style=\"height:27px\" aria-hidden=\"true\" class=\"wp-block-spacer\"><\/div>\n\n\n\n<hr class=\"wp-block-separator has-css-opacity\"\/>\n\n\n\n<h2 class=\"wp-block-heading\">Der ewige Klassiker &#8211; Lederjacken<\/h2>\n\n\n\n<p><\/p>\n\n\n\n<div style=\"height:0px\" aria-hidden=\"true\" class=\"wp-block-spacer\"><\/div>\n\n\n\n<div class=\"wp-block-columns is-layout-flex wp-container-core-columns-is-layout-9d6595d7 wp-block-columns-is-layout-flex\">\n<div class=\"wp-block-column is-layout-flow wp-block-column-is-layout-flow\">\n<figure class=\"wp-block-image size-large\"><img loading=\"lazy\" decoding=\"async\" width=\"1024\" height=\"576\" src=\"https:\/\/www.engbers.com\/blog\/wp-content\/uploads\/2025\/02\/Design-ohne-Titel-8-1024x576.jpg\" alt=\"Mann tr\u00e4gt eine beige emilio adani Lammlederjacke \u00fcber einem hellem T-Shirt.\" class=\"wp-image-14931\" title=\"Lederjacke casual kombiniert\" srcset=\"https:\/\/www.engbers.com\/blog\/wp-content\/uploads\/2025\/02\/Design-ohne-Titel-8-1024x576.jpg 1024w, https:\/\/www.engbers.com\/blog\/wp-content\/uploads\/2025\/02\/Design-ohne-Titel-8-300x169.jpg 300w, https:\/\/www.engbers.com\/blog\/wp-content\/uploads\/2025\/02\/Design-ohne-Titel-8-768x432.jpg 768w, https:\/\/www.engbers.com\/blog\/wp-content\/uploads\/2025\/02\/Design-ohne-Titel-8-24x13.jpg 24w, https:\/\/www.engbers.com\/blog\/wp-content\/uploads\/2025\/02\/Design-ohne-Titel-8-36x20.jpg 36w, https:\/\/www.engbers.com\/blog\/wp-content\/uploads\/2025\/02\/Design-ohne-Titel-8-48x27.jpg 48w, https:\/\/www.engbers.com\/blog\/wp-content\/uploads\/2025\/02\/Design-ohne-Titel-8.jpg 1366w\" sizes=\"(max-width: 1024px) 100vw, 1024px\" \/><\/figure>\n<\/div>\n\n\n\n<div class=\"wp-block-column is-layout-flow wp-block-column-is-layout-flow\">\n<p>100% Lammleder und 100% Tragekomfort. Mit ihrer schmalen Passform schmiegt sich diese Lederjacke perfekt an Deinen K\u00f6rper und spart mit ihren insgesamt 7 Taschen nicht an Stauraum. Das edle Lammleder sorgt f\u00fcr eine markante Ausstrahlung und verleiht Deinem Look maskuline Eleganz.<\/p>\n\n\n\n<div class=\"wp-block-buttons is-layout-flex wp-block-buttons-is-layout-flex\">\n<div class=\"wp-block-button is-style-fill\"><a class=\"wp-block-button__link wp-element-button\" href=\"https:\/\/www.emilioadani.com\/emilio-adani-sportive-lammlederjacke-khaki-40228\" target=\"_blank\" rel=\"noreferrer noopener\">jetzt kaufen<\/a><\/div>\n<\/div>\n<\/div>\n<\/div>\n\n\n\n<div class=\"wp-block-buttons is-layout-flex wp-block-buttons-is-layout-flex\"><\/div>\n\n\n\n<hr class=\"wp-block-separator has-css-opacity\"\/>\n\n\n\n<div style=\"height:23px\" aria-hidden=\"true\" class=\"wp-block-spacer\"><\/div>\n\n\n\n<div class=\"wp-block-columns is-layout-flex wp-container-core-columns-is-layout-9d6595d7 wp-block-columns-is-layout-flex\">\n<div class=\"wp-block-column is-layout-flow wp-block-column-is-layout-flow\">\n<p>Diese Velourslederjacke von emilio adani kombiniert hochwertige Materialien mit einem modernen Look im angesagten Overshirt-Style. Das besonders weiche Leder sorgt f\u00fcr hohen Tragekomfort, w\u00e4hrend die sorgf\u00e4ltige Verarbeitung f\u00fcr eine lange Lebensdauer steht. Durch praktische Taschenl\u00f6sungen hast Du Deine Essentials immer griffbereit. Ihr zeitloses Design macht sie zum vielseitigen Begleiter.<\/p>\n\n\n\n<div class=\"wp-block-buttons is-layout-flex wp-block-buttons-is-layout-flex\">\n<div class=\"wp-block-button\"><a class=\"wp-block-button__link wp-element-button\" href=\"https:\/\/www.emilioadani.com\/emilio-adani-lederjacke-aus-veloursleder-saphirblau-39883\" target=\"_blank\" rel=\"noreferrer noopener\">JETZT KAUFEN<\/a><\/div>\n<\/div>\n<\/div>\n\n\n\n<div class=\"wp-block-column is-layout-flow wp-block-column-is-layout-flow\">\n<figure class=\"wp-block-image size-large\"><img loading=\"lazy\" decoding=\"async\" width=\"1024\" height=\"576\" src=\"https:\/\/www.engbers.com\/blog\/wp-content\/uploads\/2025\/02\/Design-ohne-Titel-9-1024x576.jpg\" alt=\"Graue emilio adani Lederjacke aus Veloursleder im Overshirt-Srtyle mit Rei\u00dfverschluss und seitlichen Taschen, offen dargestellt.\" class=\"wp-image-14934\" title=\"Graue emilio adani Velourslederjacke im Detail\" srcset=\"https:\/\/www.engbers.com\/blog\/wp-content\/uploads\/2025\/02\/Design-ohne-Titel-9-1024x576.jpg 1024w, https:\/\/www.engbers.com\/blog\/wp-content\/uploads\/2025\/02\/Design-ohne-Titel-9-300x169.jpg 300w, https:\/\/www.engbers.com\/blog\/wp-content\/uploads\/2025\/02\/Design-ohne-Titel-9-768x432.jpg 768w, https:\/\/www.engbers.com\/blog\/wp-content\/uploads\/2025\/02\/Design-ohne-Titel-9-24x13.jpg 24w, https:\/\/www.engbers.com\/blog\/wp-content\/uploads\/2025\/02\/Design-ohne-Titel-9-36x20.jpg 36w, https:\/\/www.engbers.com\/blog\/wp-content\/uploads\/2025\/02\/Design-ohne-Titel-9-48x27.jpg 48w, https:\/\/www.engbers.com\/blog\/wp-content\/uploads\/2025\/02\/Design-ohne-Titel-9.jpg 1366w\" sizes=\"(max-width: 1024px) 100vw, 1024px\" \/><\/figure>\n<\/div>\n<\/div>\n\n\n\n<hr class=\"wp-block-separator has-css-opacity is-style-default\"\/>\n\n\n\n<h2 class=\"wp-block-heading\">Bomberjacken setzen Statements<\/h2>\n\n\n\n<div class=\"wp-block-columns is-layout-flex wp-container-core-columns-is-layout-9d6595d7 wp-block-columns-is-layout-flex\">\n<div class=\"wp-block-column is-layout-flow wp-block-column-is-layout-flow\">\n<figure class=\"wp-block-image size-large\"><img loading=\"lazy\" decoding=\"async\" width=\"1024\" height=\"576\" src=\"https:\/\/www.engbers.com\/blog\/wp-content\/uploads\/2025\/02\/Design-ohne-Titel-10-1024x576.jpg\" alt=\"Mann tr\u00e4gt eine leichte, olivgr\u00fcne Blousonjacke von emilio adani mit Rei\u00dfverschluss, kombiniert mit hellem Shirt und Hose.\" class=\"wp-image-14939\" title=\"Leichter Blouson in Olivgr\u00fcn von emilio adani\" srcset=\"https:\/\/www.engbers.com\/blog\/wp-content\/uploads\/2025\/02\/Design-ohne-Titel-10-1024x576.jpg 1024w, https:\/\/www.engbers.com\/blog\/wp-content\/uploads\/2025\/02\/Design-ohne-Titel-10-300x169.jpg 300w, https:\/\/www.engbers.com\/blog\/wp-content\/uploads\/2025\/02\/Design-ohne-Titel-10-768x432.jpg 768w, https:\/\/www.engbers.com\/blog\/wp-content\/uploads\/2025\/02\/Design-ohne-Titel-10-24x13.jpg 24w, https:\/\/www.engbers.com\/blog\/wp-content\/uploads\/2025\/02\/Design-ohne-Titel-10-36x20.jpg 36w, https:\/\/www.engbers.com\/blog\/wp-content\/uploads\/2025\/02\/Design-ohne-Titel-10-48x27.jpg 48w, https:\/\/www.engbers.com\/blog\/wp-content\/uploads\/2025\/02\/Design-ohne-Titel-10.jpg 1366w\" sizes=\"(max-width: 1024px) 100vw, 1024px\" \/><\/figure>\n<\/div>\n\n\n\n<div class=\"wp-block-column is-layout-flow wp-block-column-is-layout-flow\">\n<p>Ein echter Allrounder f\u00fcr den Alltag: Die leichte hellgr\u00fcne Blousonjack \u00fcberzeugt mit funktionalen Features und einem cleanen, sportiven Look. Das wasserabweisende Material sch\u00fctzt Dich bei wechselhaftem Wetter, w\u00e4hrend durchdachte Taschenl\u00f6sungen praktischen Stauraum bieten. Ob in der Stadt oder unterwegs \u2013 diese Jacke erg\u00e4nzt Deinen Style unkompliziert und modern.<\/p>\n\n\n\n<div class=\"wp-block-buttons is-layout-flex wp-block-buttons-is-layout-flex\">\n<div class=\"wp-block-button is-style-fill\"><a class=\"wp-block-button__link wp-element-button\" href=\"https:\/\/www.emilioadani.com\/emilio-adani-wasserabweisende-funktionsjacke-im-blouson-style-hellgruen-40234\" target=\"_blank\" rel=\"noreferrer noopener\">jetzt kaufen<\/a><\/div>\n<\/div>\n<\/div>\n<\/div>\n\n\n\n<div class=\"wp-block-buttons is-layout-flex wp-block-buttons-is-layout-flex\"><\/div>\n\n\n\n<hr class=\"wp-block-separator has-css-opacity\"\/>\n\n\n\n<h2 class=\"wp-block-heading\">Overshirt &#8211; Die l\u00e4ssige Alternative zur Jacke<\/h2>\n\n\n\n<div class=\"wp-block-columns is-layout-flex wp-container-core-columns-is-layout-9d6595d7 wp-block-columns-is-layout-flex\">\n<div class=\"wp-block-column is-layout-flow wp-block-column-is-layout-flow\">\n<p>Wenn es f\u00fcr eine Jacke schon zu warm ist, aber ein <br>T-Shirt noch nicht reicht, ist dieses funktionale Overshirt die perfekte L\u00f6sung. Dank den aufgesetzten Brusttaschen und dem integrierten Stretch-Anteil bekommt es einen smarten, aber entspannten Look. Ideal zum Layern und wechselnden Temperaturen.<\/p>\n\n\n\n<div class=\"wp-block-buttons is-layout-flex wp-block-buttons-is-layout-flex\">\n<div class=\"wp-block-button\"><a class=\"wp-block-button__link wp-element-button\" href=\"https:\/\/www.emilioadani.com\/emilio-adani-hemd-uni-marineblau-40332\" target=\"_blank\" rel=\"noreferrer noopener\">JETZT KAUFEN<\/a><\/div>\n<\/div>\n<\/div>\n\n\n\n<div class=\"wp-block-column is-layout-flow wp-block-column-is-layout-flow\">\n<figure class=\"wp-block-image size-large\"><img loading=\"lazy\" decoding=\"async\" width=\"1024\" height=\"576\" src=\"https:\/\/www.engbers.com\/blog\/wp-content\/uploads\/2025\/02\/Design-ohne-Titel-11-1024x576.jpg\" alt=\"Dunkelblaue emilio adani Jacke im Overshirt-Stil mit Rei\u00dfverschluss und zwei aufgesetzten Brusttaschen zus\u00e4tzlich freigestellt dargestellt.\" class=\"wp-image-14946\" title=\"Dunkelblaues Overshirt mit Brusttaschen\" srcset=\"https:\/\/www.engbers.com\/blog\/wp-content\/uploads\/2025\/02\/Design-ohne-Titel-11-1024x576.jpg 1024w, https:\/\/www.engbers.com\/blog\/wp-content\/uploads\/2025\/02\/Design-ohne-Titel-11-300x169.jpg 300w, https:\/\/www.engbers.com\/blog\/wp-content\/uploads\/2025\/02\/Design-ohne-Titel-11-768x432.jpg 768w, https:\/\/www.engbers.com\/blog\/wp-content\/uploads\/2025\/02\/Design-ohne-Titel-11-24x13.jpg 24w, https:\/\/www.engbers.com\/blog\/wp-content\/uploads\/2025\/02\/Design-ohne-Titel-11-36x20.jpg 36w, https:\/\/www.engbers.com\/blog\/wp-content\/uploads\/2025\/02\/Design-ohne-Titel-11-48x27.jpg 48w, https:\/\/www.engbers.com\/blog\/wp-content\/uploads\/2025\/02\/Design-ohne-Titel-11.jpg 1366w\" sizes=\"(max-width: 1024px) 100vw, 1024px\" \/><\/figure>\n<\/div>\n<\/div>\n\n\n\n<div style=\"height:10px\" aria-hidden=\"true\" class=\"wp-block-spacer\"><\/div>\n\n\n\n<p class=\"has-medium-font-size\"><a href=\"https:\/\/www.emilioadani.com\/produkte\/jacken?sortby=new\" target=\"_blank\" rel=\"noreferrer noopener\">Entdecke jetzt weitere Jacken-Neuheiten f\u00fcr das Fr\u00fchjahr 2026!<\/a><\/p>\n\n\n\n<div style=\"height:17px\" aria-hidden=\"true\" class=\"wp-block-spacer\"><\/div>\n\n\n\n<hr class=\"wp-block-separator has-css-opacity is-style-wide\"\/>\n\n\n\n<h3 class=\"wp-block-heading\" id=\"tipps\">Da war doch noch was: Das solltest Du beachten, <br>bevor Du Deine Winterjacke in den Schrank h\u00e4ngst<\/h3>\n\n\n\n<p>Bevor du deine Winterjacke in den Schrank h\u00e4ngst, solltest du folgende Dinge beachten:<\/p>\n\n\n\n<ol class=\"wp-block-list\">\n<li><strong>Reinigen<\/strong> \ud83e\uddfc \u2013 Schmutz, Schwei\u00df und Salzr\u00fcckst\u00e4nde k\u00f6nnen das Material angreifen. Am besten nach Pflegeetikett waschen oder professionell reinigen lassen.<\/li>\n\n\n\n<li><strong>Trocknen<\/strong> \ud83c\udf2c\ufe0f \u2013 Stelle sicher, dass die Jacke komplett trocken ist, um Schimmel und schlechte Ger\u00fcche zu vermeiden. Besonders Daunenjacken brauchen Zeit zum Trocknen.<\/li>\n\n\n\n<li><strong>Rei\u00dfverschl\u00fcsse &amp; Kn\u00f6pfe pr\u00fcfen<\/strong> \ud83d\udd0d \u2013 Lose Kn\u00f6pfe ann\u00e4hen, kaputte Rei\u00dfverschl\u00fcsse reparieren.<\/li>\n\n\n\n<li><strong>Impr\u00e4gnieren (optional)<\/strong> \u2614 \u2013 Falls die Jacke wasserabweisend ist, kann eine neue Impr\u00e4gnierung sinnvoll sein.<\/li>\n\n\n\n<li><strong>Richtig lagern<\/strong> \ud83d\udc55 \u2013 Auf einen stabilen B\u00fcgel h\u00e4ngen, damit die Form erhalten bleibt. Keine engen Plastikt\u00fcten verwenden \u2013 besser atmungsaktive Kleiders\u00e4cke.<\/li>\n\n\n\n<li><strong>Taschen leeren<\/strong> \ud83e\udde4 \u2013 Handschuhe, Kassenzettel oder Kleingeld rausnehmen, um \u00dcberraschungen zu vermeiden.<\/li>\n\n\n\n<li><strong>Motten- &amp; Geruchsschutz<\/strong> \ud83e\udd8b \u2013 Ein Lavendels\u00e4ckchen oder Zedernholz kann helfen, Motten und unangenehme Ger\u00fcche zu vermeiden.<\/li>\n<\/ol>\n\n\n\n<hr class=\"wp-block-separator has-css-opacity is-style-wide\"\/>\n\n\n\n<p class=\"has-text-align-center has-medium-font-size\">Welche Jacke tr\u00e4gst Du am liebsten in der \u00dcbergangszeit? <br>Schreibe es jetzt in die Kommentare \ud83c\udf37<\/p>\n\n\n\n<p><\/p>\n","protected":false},"excerpt":{"rendered":"<p>Der Fr\u00fchling r\u00fcckt n\u00e4her und die schweren Winterjacken d\u00fcrfen langsam in den Schrank wandern. Zeit f\u00fcr frische \u00dcbergangsjacken \u2013 nat\u00fcrlich mit Stil! Wir zeigen Dir, welche Modelle in den kommenden Monaten besonders angesagt sind. In Februar, M\u00e4rz und April erwacht nicht nur die Natur, sondern auch die Welt der \u00dcbergangsjacken: von etwas kr\u00e4ftigeren Leder- und&hellip;&nbsp;<a href=\"https:\/\/www.engbers.com\/blog\/jacken-trends-2025\/\" class=\"\" rel=\"bookmark\">Weiterlesen &raquo;<span class=\"screen-reader-text\">Neue [ea]Jacken-Trends 2026<\/span><\/a><\/p>\n","protected":false},"author":24,"featured_media":14902,"comment_status":"open","ping_status":"open","sticky":false,"template":"","format":"standard","meta":{"footnotes":""},"categories":[540],"tags":[568,911,1045,1046,1214,1382],"class_list":["post-13352","post","type-post","status-publish","format-standard","has-post-thumbnail","hentry","category-emilioadaniblog","tag-jacken","tag-new-style","tag-steppjacken","tag-outdoorjacken","tag-jacke-waschen","tag-jacken-trends"],"aioseo_notices":[],"_links":{"self":[{"href":"https:\/\/www.engbers.com\/blog\/wp-json\/wp\/v2\/posts\/13352","targetHints":{"allow":["GET"]}}],"collection":[{"href":"https:\/\/www.engbers.com\/blog\/wp-json\/wp\/v2\/posts"}],"about":[{"href":"https:\/\/www.engbers.com\/blog\/wp-json\/wp\/v2\/types\/post"}],"author":[{"embeddable":true,"href":"https:\/\/www.engbers.com\/blog\/wp-json\/wp\/v2\/users\/24"}],"replies":[{"embeddable":true,"href":"https:\/\/www.engbers.com\/blog\/wp-json\/wp\/v2\/comments?post=13352"}],"version-history":[{"count":67,"href":"https:\/\/www.engbers.com\/blog\/wp-json\/wp\/v2\/posts\/13352\/revisions"}],"predecessor-version":[{"id":14969,"href":"https:\/\/www.engbers.com\/blog\/wp-json\/wp\/v2\/posts\/13352\/revisions\/14969"}],"wp:featuredmedia":[{"embeddable":true,"href":"https:\/\/www.engbers.com\/blog\/wp-json\/wp\/v2\/media\/14902"}],"wp:attachment":[{"href":"https:\/\/www.engbers.com\/blog\/wp-json\/wp\/v2\/media?parent=13352"}],"wp:term":[{"taxonomy":"category","embeddable":true,"href":"https:\/\/www.engbers.com\/blog\/wp-json\/wp\/v2\/categories?post=13352"},{"taxonomy":"post_tag","embeddable":true,"href":"https:\/\/www.engbers.com\/blog\/wp-json\/wp\/v2\/tags?post=13352"}],"curies":[{"name":"wp","href":"https:\/\/api.w.org\/{rel}","templated":true}]}}