{"id":2996,"date":"2026-03-14T08:37:00","date_gmt":"2026-03-14T07:37:00","guid":{"rendered":"https:\/\/www.engbers.com\/blog\/?p=2996"},"modified":"2026-03-23T08:52:54","modified_gmt":"2026-03-23T07:52:54","slug":"so-verlaengert-du-die-lebensdauer-deiner-jeans","status":"publish","type":"post","link":"https:\/\/www.engbers.com\/blog\/so-verlaengert-du-die-lebensdauer-deiner-jeans\/","title":{"rendered":"So verl\u00e4ngerst Du die Lebensdauer Deiner Jeans"},"content":{"rendered":"\n<figure class=\"wp-block-image size-large\"><img fetchpriority=\"high\" decoding=\"async\" width=\"1024\" height=\"640\" src=\"https:\/\/www.engbers.com\/blog\/wp-content\/uploads\/2025\/03\/Design-ohne-Titel-1-1-1024x640.jpg\" alt=\"Ein Mann sitzt entspannt in der Sonne und tr\u00e4gt ein hellblaues Polo-Shirt, kombiniert mit Jeans und hellen Schuhen.\" class=\"wp-image-14853\" title=\"Sommerlicher Casual-Look mit Jeans\" srcset=\"https:\/\/www.engbers.com\/blog\/wp-content\/uploads\/2025\/03\/Design-ohne-Titel-1-1-1024x640.jpg 1024w, https:\/\/www.engbers.com\/blog\/wp-content\/uploads\/2025\/03\/Design-ohne-Titel-1-1-300x188.jpg 300w, https:\/\/www.engbers.com\/blog\/wp-content\/uploads\/2025\/03\/Design-ohne-Titel-1-1-768x480.jpg 768w, https:\/\/www.engbers.com\/blog\/wp-content\/uploads\/2025\/03\/Design-ohne-Titel-1-1-24x15.jpg 24w, https:\/\/www.engbers.com\/blog\/wp-content\/uploads\/2025\/03\/Design-ohne-Titel-1-1-36x23.jpg 36w, https:\/\/www.engbers.com\/blog\/wp-content\/uploads\/2025\/03\/Design-ohne-Titel-1-1-48x30.jpg 48w, https:\/\/www.engbers.com\/blog\/wp-content\/uploads\/2025\/03\/Design-ohne-Titel-1-1.jpg 1536w\" sizes=\"(max-width: 1024px) 100vw, 1024px\" \/><\/figure>\n\n\n\n<p><\/p>\n\n\n\n<p>Jeder von uns besitzt sie. Die eine Lieblingsjeans, die man am liebsten jeden Tag tragen w\u00fcrde. Egal zu welchem Anlass, sie sitzt einfach perfekt und sieht stylisch aus. Besonders im Alltag der M\u00e4nner ist die Hose einfach nicht mehr wegzudenken. Kein Wunder, sie ist ja auch ein wahres Kombitalent! Doch sp\u00e4testens nach mehrmaligem Tragen, fragst Du dich, wie du sie am besten w\u00e4schst und pflegst. Dies beantworten wir dir in diesem Blogbeitrag.<\/p>\n\n\n\n<h2 class=\"wp-block-heading\">Jeans waschen &#8211; ja! Oder vielleicht doch nicht? <\/h2>\n\n\n\n<p>Wenige Fragen sind in der Modewelt so umstritten, wie die, ob man Jeans waschen sollte. Einige schw\u00f6ren darauf, ihre Hosen nie zu waschen. Dahingegen w\u00fcrden andere Menschen am liebsten t\u00e4glich waschen. Was ist also richtig? Die Antwort lautet: <strong>Es kommt darauf an! <\/strong><\/p>\n\n\n\n<p>Mit dem gesunden Mittelma\u00df liegt man meistens nicht verkehrt. Denim Jeans sollten nicht \u00fcberm\u00e4\u00dfig h\u00e4ufig gewaschen werden, um ein Einlaufen oder Ausbleichen zu verhindern. Haben sich nach mehrmaligem Tragen Flecken gebildet und Keime festgesetzt, sollte die Jeans gewaschen werden. Alternativ kannst Du auch deine Hose f\u00fcr ein einige Stunden in einem Beutel ins Gefrierfach legen, so verschwendest du kein \u00fcberfl\u00fcssiges Wasser und die Keime werden schnell abget\u00f6tet.<\/p>\n\n\n\n<p>Du warst in einem Restaurant oder hast einen Kochabend veranstaltet und der Duft des k\u00f6stlichen Essens hat sich aber in deiner Kleidung festgesetzt? Dann empfiehlt es sich, die Hose \u00fcber Nacht auf dem Balkon oder der Terrasse zu l\u00fcften.  <\/p>\n\n\n\n<h2 class=\"wp-block-heading\">Jeans-Pflege: Worauf musst du achten?<\/h2>\n\n\n\n<p>Wenn Du dich entschieden hast, deine Jeans zu waschen, solltest Du darauf achten, die Hose auf links zu drehen. So wird der Stoff geschont und die Lebensdauer verl\u00e4ngert. Die optimale Waschtemperatur sind 30 Grad, hei\u00dfere Temperaturen beg\u00fcnstigen die Gefahr, dass deine Lieblingsjeans einl\u00e4uft.<\/p>\n\n\n\n<p>Helle Jeans-Hosen sollten nur mit \u00e4hnlichen Farben gewaschen werden, dasselbe gilt auch f\u00fcr dunkle Jeans. Direkt nach dem Kauf der Hose, verzichtest du am besten auf den Waschgang in der Maschine und weichst das Kleidungsst\u00fcck besser in einer milden Waschmittell\u00f6sung ein. So kannst du sicher sein, dass die neue Hose nicht abf\u00e4rbt.<\/p>\n\n\n\n<h2 class=\"wp-block-heading\">Wie geht es nach dem Waschen weiter?<\/h2>\n\n\n\n<p>Nach der W\u00e4sche stellt sich die Frage, ob die Jeans in den Trockner d\u00fcrfen. Dies ist keine gute Idee, denn dadurch kann die Farbe ausbleichen und der Stoff wird unn\u00f6tig strapaziert. Die Jeans trocknet am besten auf einer W\u00e4scheleine, dann ist dein Lieblingsteil knitterfrei und schnell wieder einsatzbereit. Geb\u00fcgelt werden muss sie nicht, denn die meisten Hosen passen sich dem K\u00f6rper bereits nach einer kurzen Tragedauer wieder an. <\/p>\n\n\n\n<h2 class=\"wp-block-heading\">Die Jeans: Dank richtiger Pflege ein treuer und langj\u00e4hriger Begleiter<\/h2>\n\n\n\n<p>Wer unsere Pflegehinweise f\u00fcr Jeans ber\u00fccksichtigt, hat deutlich mehr von seinem Kleidungst\u00fcck! Du bist noch auf der Suche nach einem pers\u00f6nlichen Lieblingsteil und m\u00f6chtest dir eine neue Jeans kaufen? Dann schau mal in unserem <a href=\"https:\/\/www.engbers.com\/herrenmode\/hosen\/\" target=\"_blank\" rel=\"noopener\" title=\"\"><strong>Online-Shop<\/strong><\/a>.<\/p>\n\n\n<div class=\"sm-articles-wrapper\">    <div class='sm-article-vue' data-attr='{&quot;id&quot;:&quot;40515&quot;,&quot;showprice&quot;:&quot;true&quot;}'><\/div>    <div class='sm-article-vue' data-attr='{&quot;id&quot;:&quot;40597&quot;,&quot;showprice&quot;:&quot;true&quot;}'><\/div>    <div class='sm-article-vue' data-attr='{&quot;id&quot;:&quot;40514&quot;,&quot;showprice&quot;:&quot;true&quot;}'><\/div>    <div class='sm-article-vue' data-attr='{&quot;id&quot;:&quot;40117&quot;,&quot;showprice&quot;:&quot;true&quot;}'><\/div><\/div>\n\n\n\n<h2 class=\"wp-block-heading\">Die engbers Denim-Familie: Einzigartige Qualit\u00e4t &amp; maximaler Tragekomfort<\/h2>\n\n\n\n<p>Du liebst die absolute Bewegungsfreiheit beim Tragen von Jeans? Wir auch! Hochwertig verarbeitete Materialien, High-Stretch-Anteile und perfekte Passformen \u00e4u\u00dfern sich in einzigartiger Qualit\u00e4t und Tragekomfort. Das Beste: Unsere Lieblings-Denims sind garantiert immer in deiner Wunschgr\u00f6\u00dfe- und Farbe verf\u00fcgbar. Diese Modelle bezeichnen wir als &#8222;Never out of Stock&#8220;-Modelle (NOS). Unsere Denims findest du <a href=\"https:\/\/www.engbers.com\/inspiration\/inspiration\/engbers-denim\/\" target=\"_blank\" rel=\"noopener\" title=\"\"><strong>hier<\/strong><\/a>.<\/p>\n\n\n\n<figure class=\"wp-block-image size-large\"><img decoding=\"async\" width=\"1024\" height=\"384\" src=\"https:\/\/www.engbers.com\/blog\/wp-content\/uploads\/2023\/02\/Design-ohne-Titel-90-1024x384.png\" alt=\"Mehrere gefaltete engbers Jeans in unterschiedlichen Farben\" class=\"wp-image-10706\" title=\"Verschiedene Jeanshosen\" srcset=\"https:\/\/www.engbers.com\/blog\/wp-content\/uploads\/2023\/02\/Design-ohne-Titel-90-1024x384.png 1024w, https:\/\/www.engbers.com\/blog\/wp-content\/uploads\/2023\/02\/Design-ohne-Titel-90-300x113.png 300w, https:\/\/www.engbers.com\/blog\/wp-content\/uploads\/2023\/02\/Design-ohne-Titel-90-768x288.png 768w, https:\/\/www.engbers.com\/blog\/wp-content\/uploads\/2023\/02\/Design-ohne-Titel-90-1536x576.png 1536w, https:\/\/www.engbers.com\/blog\/wp-content\/uploads\/2023\/02\/Design-ohne-Titel-90-24x9.png 24w, https:\/\/www.engbers.com\/blog\/wp-content\/uploads\/2023\/02\/Design-ohne-Titel-90-36x14.png 36w, https:\/\/www.engbers.com\/blog\/wp-content\/uploads\/2023\/02\/Design-ohne-Titel-90-48x18.png 48w, https:\/\/www.engbers.com\/blog\/wp-content\/uploads\/2023\/02\/Design-ohne-Titel-90.png 1600w\" sizes=\"(max-width: 1024px) 100vw, 1024px\" \/><\/figure>\n\n\n\n<h3 class=\"wp-block-heading\">So findest Du den richtigen Schnitt f\u00fcr deine Jeans<\/h3>\n\n\n\n<p>Das Problem kennt wohl jeder: auf dem B\u00fcgel sieht die Jeans toll aus, aber sie sitzt nicht perfekt an deinem K\u00f6rper. Mit unserem Schnitt-Berater geh\u00f6rt dieses Problem ab jetzt der Vergangenheit an! Wir haben zwei unterschiedliche Schnittformen, die wir dir jetzt vorstellen, damit Du die richtige Form f\u00fcr Dich findest.<\/p>\n\n\n\n<h4 class=\"wp-block-heading\"><strong>Die Authentische &#8211; Blue Label Denim<\/strong><\/h4>\n\n\n\n<p>Du willst dich in jeder Situation auf deine Jeans verlassen? Diese Form bringt den klassischen 5-Pocket-Style f\u00fcr echte Jeans-Kenner auf den Punkt. Sie zeichnet sich aus durch: <\/p>\n\n\n\n<ul class=\"wp-block-list\">\n<li>gem\u00e4\u00dfigte Leibh\u00f6he<\/li>\n\n\n\n<li>bequeme Bein- und Fu\u00dfweite f\u00fcr den perfekten Freiraum und Tragekomfort<\/li>\n\n\n\n<li>nat\u00fcrliche Elastizit\u00e4t sorgt f\u00fcr einen kernigen Warengriff<\/li>\n\n\n\n<li>5-10% Dehnungsverhalten: f\u00fchlt sich am Bein weniger elastisch an, als die Red Label Denim <\/li>\n<\/ul>\n\n\n\n<figure class=\"wp-block-image size-large ticss-3f5a93ad\"><img decoding=\"async\" width=\"1024\" height=\"1024\" src=\"https:\/\/www.engbers.com\/blog\/wp-content\/uploads\/2023\/02\/Design-ohne-Titel-87-1024x1024.png\" alt=\"Mann tr\u00e4gt regul\u00e4re Jeans mit markierten Passformdetails von engbers\" class=\"wp-image-10695\" title=\"Herrenjeans Passform\u00fcbersicht\" srcset=\"https:\/\/www.engbers.com\/blog\/wp-content\/uploads\/2023\/02\/Design-ohne-Titel-87-1024x1024.png 1024w, https:\/\/www.engbers.com\/blog\/wp-content\/uploads\/2023\/02\/Design-ohne-Titel-87-300x300.png 300w, https:\/\/www.engbers.com\/blog\/wp-content\/uploads\/2023\/02\/Design-ohne-Titel-87-150x150.png 150w, https:\/\/www.engbers.com\/blog\/wp-content\/uploads\/2023\/02\/Design-ohne-Titel-87-768x768.png 768w, https:\/\/www.engbers.com\/blog\/wp-content\/uploads\/2023\/02\/Design-ohne-Titel-87-24x24.png 24w, https:\/\/www.engbers.com\/blog\/wp-content\/uploads\/2023\/02\/Design-ohne-Titel-87-36x36.png 36w, https:\/\/www.engbers.com\/blog\/wp-content\/uploads\/2023\/02\/Design-ohne-Titel-87-48x48.png 48w, https:\/\/www.engbers.com\/blog\/wp-content\/uploads\/2023\/02\/Design-ohne-Titel-87.png 1080w\" sizes=\"(max-width: 1024px) 100vw, 1024px\" \/><\/figure>\n\n\n<div class=\"sm-articles-wrapper\">    <div class='sm-article-vue' data-attr='{&quot;id&quot;:&quot;38812&quot;,&quot;showprice&quot;:&quot;true&quot;}'><\/div>    <div class='sm-article-vue' data-attr='{&quot;id&quot;:&quot;38811&quot;,&quot;showprice&quot;:&quot;true&quot;}'><\/div>    <div class='sm-article-vue' data-attr='{&quot;id&quot;:&quot;38810&quot;,&quot;showprice&quot;:&quot;true&quot;}'><\/div>    <div class='sm-article-vue' data-attr='{&quot;id&quot;:&quot;38809&quot;,&quot;showprice&quot;:&quot;true&quot;}'><\/div><\/div>\n\n\n\n<h4 class=\"wp-block-heading\"><strong>Der Mittelpunkt des Outfits &#8211; Red Label Denim<\/strong><\/h4>\n\n\n\n<p>In dieser Denim verschmelzen h\u00f6chste Funktionalit\u00e4t und anspruchsvolles Design. Sie ist ideal f\u00fcr alle M\u00e4nner, die ihre Jeans als Highlight tragen. Sie zeichnet sich aus durch:<\/p>\n\n\n\n<ul class=\"wp-block-list\">\n<li>reduzierte Leibh\u00f6he<\/li>\n\n\n\n<li>schmaler Bein- und Fu\u00dfverlauf deckt modische Anspr\u00fcche<\/li>\n\n\n\n<li>Dehnungsverhalten von 20-30%: sorgt f\u00fcr Komfort auf h\u00f6chstem Niveau <\/li>\n\n\n\n<li>keine Kompromisse in Sachen Bewegungsfreiheit<\/li>\n\n\n\n<li>maskuline Details transportieren modischen Anspruch und machen die Jeans zum absoluten Allrounder<\/li>\n<\/ul>\n\n\n\n<figure class=\"wp-block-image size-large\"><img loading=\"lazy\" decoding=\"async\" width=\"1024\" height=\"1024\" src=\"https:\/\/www.engbers.com\/blog\/wp-content\/uploads\/2023\/02\/Design-ohne-Titel-86-1024x1024.png\" alt=\"Mann tr\u00e4gt schmale Jeans mit markierten Passformdetails von engbers\" class=\"wp-image-10694\" title=\"Herrenjeans Passform\u00fcbersicht\" srcset=\"https:\/\/www.engbers.com\/blog\/wp-content\/uploads\/2023\/02\/Design-ohne-Titel-86-1024x1024.png 1024w, https:\/\/www.engbers.com\/blog\/wp-content\/uploads\/2023\/02\/Design-ohne-Titel-86-300x300.png 300w, https:\/\/www.engbers.com\/blog\/wp-content\/uploads\/2023\/02\/Design-ohne-Titel-86-150x150.png 150w, https:\/\/www.engbers.com\/blog\/wp-content\/uploads\/2023\/02\/Design-ohne-Titel-86-768x768.png 768w, https:\/\/www.engbers.com\/blog\/wp-content\/uploads\/2023\/02\/Design-ohne-Titel-86-24x24.png 24w, https:\/\/www.engbers.com\/blog\/wp-content\/uploads\/2023\/02\/Design-ohne-Titel-86-36x36.png 36w, https:\/\/www.engbers.com\/blog\/wp-content\/uploads\/2023\/02\/Design-ohne-Titel-86-48x48.png 48w, https:\/\/www.engbers.com\/blog\/wp-content\/uploads\/2023\/02\/Design-ohne-Titel-86.png 1080w\" sizes=\"(max-width: 1024px) 100vw, 1024px\" \/><\/figure>\n\n\n<div class=\"sm-articles-wrapper\">    <div class='sm-article-vue' data-attr='{&quot;id&quot;:&quot;38825&quot;,&quot;showprice&quot;:&quot;true&quot;}'><\/div>    <div class='sm-article-vue' data-attr='{&quot;id&quot;:&quot;38821&quot;,&quot;showprice&quot;:&quot;true&quot;}'><\/div>    <div class='sm-article-vue' data-attr='{&quot;id&quot;:&quot;38808&quot;,&quot;showprice&quot;:&quot;true&quot;}'><\/div>    <div class='sm-article-vue' data-attr='{&quot;id&quot;:&quot;38112&quot;,&quot;showprice&quot;:&quot;true&quot;}'><\/div><\/div>\n\n\n\n<h4 class=\"wp-block-heading\">Du hast Tipps zur richtigen Pflege von Jeans? Welche Pflege hat bei dir besonders geholfen, um deiner Hose eine besonders lange Lebensdauer zu erm\u00f6glichen? Berichte uns dies in den Kommentaren unter diesem Beitrag und teile deine Meinung mit der Community! <\/h4>\n\n\n\n<p><\/p>\n","protected":false},"excerpt":{"rendered":"<p>Jeder von uns besitzt sie. Die eine Lieblingsjeans, die man am liebsten jeden Tag tragen w\u00fcrde. Egal zu welchem Anlass, sie sitzt einfach perfekt und sieht stylisch aus. Besonders im Alltag der M\u00e4nner ist die Hose einfach nicht mehr wegzudenken. Kein Wunder, sie ist ja auch ein wahres Kombitalent! Doch sp\u00e4testens nach mehrmaligem Tragen, fragst&hellip;&nbsp;<a href=\"https:\/\/www.engbers.com\/blog\/so-verlaengert-du-die-lebensdauer-deiner-jeans\/\" class=\"\" rel=\"bookmark\">Weiterlesen &raquo;<span class=\"screen-reader-text\">So verl\u00e4ngerst Du die Lebensdauer Deiner Jeans<\/span><\/a><\/p>\n","protected":false},"author":12,"featured_media":14853,"comment_status":"open","ping_status":"open","sticky":false,"template":"","format":"standard","meta":{"footnotes":""},"categories":[6],"tags":[12,51,138,141,349,521,522],"class_list":["post-2996","post","type-post","status-publish","format-standard","has-post-thumbnail","hentry","category-lifestyle","tag-maennermode","tag-hosen","tag-jeans","tag-denim","tag-pflege","tag-waschen","tag-lebensdauer"],"aioseo_notices":[],"_links":{"self":[{"href":"https:\/\/www.engbers.com\/blog\/wp-json\/wp\/v2\/posts\/2996","targetHints":{"allow":["GET"]}}],"collection":[{"href":"https:\/\/www.engbers.com\/blog\/wp-json\/wp\/v2\/posts"}],"about":[{"href":"https:\/\/www.engbers.com\/blog\/wp-json\/wp\/v2\/types\/post"}],"author":[{"embeddable":true,"href":"https:\/\/www.engbers.com\/blog\/wp-json\/wp\/v2\/users\/12"}],"replies":[{"embeddable":true,"href":"https:\/\/www.engbers.com\/blog\/wp-json\/wp\/v2\/comments?post=2996"}],"version-history":[{"count":50,"href":"https:\/\/www.engbers.com\/blog\/wp-json\/wp\/v2\/posts\/2996\/revisions"}],"predecessor-version":[{"id":15305,"href":"https:\/\/www.engbers.com\/blog\/wp-json\/wp\/v2\/posts\/2996\/revisions\/15305"}],"wp:featuredmedia":[{"embeddable":true,"href":"https:\/\/www.engbers.com\/blog\/wp-json\/wp\/v2\/media\/14853"}],"wp:attachment":[{"href":"https:\/\/www.engbers.com\/blog\/wp-json\/wp\/v2\/media?parent=2996"}],"wp:term":[{"taxonomy":"category","embeddable":true,"href":"https:\/\/www.engbers.com\/blog\/wp-json\/wp\/v2\/categories?post=2996"},{"taxonomy":"post_tag","embeddable":true,"href":"https:\/\/www.engbers.com\/blog\/wp-json\/wp\/v2\/tags?post=2996"}],"curies":[{"name":"wp","href":"https:\/\/api.w.org\/{rel}","templated":true}]}}