{"id":7668,"date":"2021-10-05T11:04:00","date_gmt":"2021-10-05T11:04:00","guid":{"rendered":"https:\/\/www.engbers.com\/blog\/?p=7668"},"modified":"2021-12-03T09:46:31","modified_gmt":"2021-12-03T09:46:31","slug":"club-der-blauen-helme","status":"publish","type":"post","link":"https:\/\/www.engbers.com\/blog\/club-der-blauen-helme\/","title":{"rendered":"Club der blauen Helme: In Feuerwehr-Montur f\u00fcr den guten Zweck"},"content":{"rendered":"\t\t<div data-elementor-type=\"wp-post\" data-elementor-id=\"7668\" class=\"elementor elementor-7668\">\n\t\t\t\t\t\t<section class=\"elementor-section elementor-top-section elementor-element elementor-element-8e6ecd2 elementor-section-boxed elementor-section-height-default elementor-section-height-default\" data-id=\"8e6ecd2\" data-element_type=\"section\">\n\t\t\t\t\t\t<div class=\"elementor-container elementor-column-gap-default\">\n\t\t\t\t\t<div class=\"elementor-column elementor-col-100 elementor-top-column elementor-element elementor-element-9315386\" data-id=\"9315386\" data-element_type=\"column\">\n\t\t\t<div class=\"elementor-widget-wrap elementor-element-populated\">\n\t\t\t\t\t\t<div class=\"elementor-element elementor-element-5424636 elementor-widget elementor-widget-text-editor\" data-id=\"5424636\" data-element_type=\"widget\" data-widget_type=\"text-editor.default\">\n\t\t\t\t<div class=\"elementor-widget-container\">\n\t\t\t\t\t\t\t\t\t<p><strong>MEHR Meinung. MEHR Mann.<\/strong><br \/>Der engbers-Blog ist mehr als nur ein M\u00e4nner-Magazin. Vielmehr ist er eine Plattform f\u00fcr alle Themen, die in einer echten M\u00e4nner-Freundschaft ausgetauscht werden m\u00fcssen. Hier soll nicht nur \u00fcber Mode gesprochen werden, sondern ebenso \u00fcber unsere Hobbys, Interessen und unser Engagement. Daher freuen wir uns besonders, dass wir unseren ersten Gastbeitrag ver\u00f6ffentlichen d\u00fcrfen &#8211; verfasst vom &#8222;Club der blauen Helme&#8220;.<\/p><p><a href=\"https:\/\/www.engbers.com\/blog\/diskutieren-erklaeren-von-anderen-maennern-lernen-wir-praesentieren-dir-unseren-neuen-engbers-blog\/\" target=\"_blank\" rel=\"noopener\">Erfahre mehr zum Thema &#8222;Mitdiskutieren, Berichten und von anderen M\u00e4nnern lernen&#8220;.<\/a><\/p>\t\t\t\t\t\t\t\t<\/div>\n\t\t\t\t<\/div>\n\t\t\t\t<div class=\"elementor-element elementor-element-1ddb689 elementor-widget-divider--view-line elementor-widget elementor-widget-divider\" data-id=\"1ddb689\" data-element_type=\"widget\" data-widget_type=\"divider.default\">\n\t\t\t\t<div class=\"elementor-widget-container\">\n\t\t\t\t\t\t\t<div class=\"elementor-divider\">\n\t\t\t<span class=\"elementor-divider-separator\">\n\t\t\t\t\t\t<\/span>\n\t\t<\/div>\n\t\t\t\t\t\t<\/div>\n\t\t\t\t<\/div>\n\t\t\t\t<div class=\"elementor-element elementor-element-6a52e7b elementor-widget elementor-widget-heading\" data-id=\"6a52e7b\" data-element_type=\"widget\" data-widget_type=\"heading.default\">\n\t\t\t\t<div class=\"elementor-widget-container\">\n\t\t\t\t\t<h2 class=\"elementor-heading-title elementor-size-default\">In Feuerwehr-Montur f\u00fcr den guten Zweck<\/h2>\t\t\t\t<\/div>\n\t\t\t\t<\/div>\n\t\t\t\t<div class=\"elementor-element elementor-element-f260bbd elementor-widget elementor-widget-text-editor\" data-id=\"f260bbd\" data-element_type=\"widget\" data-widget_type=\"text-editor.default\">\n\t\t\t\t<div class=\"elementor-widget-container\">\n\t\t\t\t\t\t\t\t\t<p>Wir sind Daniel Urban, Ingo Kolhoff und J\u00f6rg Friedrich. Zusammen sind wir &#8222;Der Club der blauen Helme&#8220; &#8211; ein Zusammenschluss von 3 Feuerwehr-Sportlern aus dem M\u00fcnsterland. Seit 2017 generieren wir durch die Teilnahme an verschiedenen Sportveranstaltungen und eigens organisierten <a href=\"#projekte\" target=\"_blank\" rel=\"noopener\">Charity-Projekten<\/a> Spenden f\u00fcr unterst\u00fctzungsw\u00fcrdige Organisationen. Das besondere bei den Events? Wir nehmen in unserer 20kg schweren Feuerwehr-Ausr\u00fcstung teil!<\/p>\t\t\t\t\t\t\t\t<\/div>\n\t\t\t\t<\/div>\n\t\t\t\t<div class=\"elementor-element elementor-element-ebfddcf elementor-widget elementor-widget-image\" data-id=\"ebfddcf\" data-element_type=\"widget\" data-widget_type=\"image.default\">\n\t\t\t\t<div class=\"elementor-widget-container\">\n\t\t\t\t\t\t\t\t\t\t\t\t\t\t\t<img fetchpriority=\"high\" decoding=\"async\" width=\"1600\" height=\"1000\" src=\"https:\/\/www.engbers.com\/blog\/wp-content\/uploads\/2021\/09\/Design-ohne-Titel-1.png\" class=\"attachment-full size-full wp-image-7670\" alt=\"\" srcset=\"https:\/\/www.engbers.com\/blog\/wp-content\/uploads\/2021\/09\/Design-ohne-Titel-1.png 1600w, https:\/\/www.engbers.com\/blog\/wp-content\/uploads\/2021\/09\/Design-ohne-Titel-1-300x188.png 300w, https:\/\/www.engbers.com\/blog\/wp-content\/uploads\/2021\/09\/Design-ohne-Titel-1-1024x640.png 1024w, https:\/\/www.engbers.com\/blog\/wp-content\/uploads\/2021\/09\/Design-ohne-Titel-1-768x480.png 768w, https:\/\/www.engbers.com\/blog\/wp-content\/uploads\/2021\/09\/Design-ohne-Titel-1-1536x960.png 1536w, https:\/\/www.engbers.com\/blog\/wp-content\/uploads\/2021\/09\/Design-ohne-Titel-1-24x15.png 24w, https:\/\/www.engbers.com\/blog\/wp-content\/uploads\/2021\/09\/Design-ohne-Titel-1-36x23.png 36w, https:\/\/www.engbers.com\/blog\/wp-content\/uploads\/2021\/09\/Design-ohne-Titel-1-48x30.png 48w\" sizes=\"(max-width: 1600px) 100vw, 1600px\" \/>\t\t\t\t\t\t\t\t\t\t\t\t\t\t\t<\/div>\n\t\t\t\t<\/div>\n\t\t\t\t\t<\/div>\n\t\t<\/div>\n\t\t\t\t\t<\/div>\n\t\t<\/section>\n\t\t\t\t<section class=\"elementor-section elementor-top-section elementor-element elementor-element-7fc6772 elementor-section-boxed elementor-section-height-default elementor-section-height-default\" data-id=\"7fc6772\" data-element_type=\"section\">\n\t\t\t\t\t\t<div class=\"elementor-container elementor-column-gap-default\">\n\t\t\t\t\t<div class=\"elementor-column elementor-col-100 elementor-top-column elementor-element elementor-element-ff4d164\" data-id=\"ff4d164\" data-element_type=\"column\">\n\t\t\t<div class=\"elementor-widget-wrap elementor-element-populated\">\n\t\t\t\t\t\t\t<\/div>\n\t\t<\/div>\n\t\t\t\t\t<\/div>\n\t\t<\/section>\n\t\t\t\t<section class=\"elementor-section elementor-top-section elementor-element elementor-element-85ad934 elementor-section-boxed elementor-section-height-default elementor-section-height-default\" data-id=\"85ad934\" data-element_type=\"section\">\n\t\t\t\t\t\t<div class=\"elementor-container elementor-column-gap-default\">\n\t\t\t\t\t<div class=\"elementor-column elementor-col-100 elementor-top-column elementor-element elementor-element-100197a\" data-id=\"100197a\" data-element_type=\"column\">\n\t\t\t<div class=\"elementor-widget-wrap elementor-element-populated\">\n\t\t\t\t\t\t<div class=\"elementor-element elementor-element-2fa7637 elementor-widget elementor-widget-heading\" data-id=\"2fa7637\" data-element_type=\"widget\" data-widget_type=\"heading.default\">\n\t\t\t\t<div class=\"elementor-widget-container\">\n\t\t\t\t\t<h3 class=\"elementor-heading-title elementor-size-default\">\u00dcber unseren Club<\/h3>\t\t\t\t<\/div>\n\t\t\t\t<\/div>\n\t\t\t\t\t<\/div>\n\t\t<\/div>\n\t\t\t\t\t<\/div>\n\t\t<\/section>\n\t\t\t\t<section class=\"elementor-section elementor-top-section elementor-element elementor-element-c972125 elementor-section-boxed elementor-section-height-default elementor-section-height-default\" data-id=\"c972125\" data-element_type=\"section\">\n\t\t\t\t\t\t<div class=\"elementor-container elementor-column-gap-default\">\n\t\t\t\t\t<div class=\"elementor-column elementor-col-100 elementor-top-column elementor-element elementor-element-f93fa11\" data-id=\"f93fa11\" data-element_type=\"column\">\n\t\t\t<div class=\"elementor-widget-wrap elementor-element-populated\">\n\t\t\t\t\t\t<div class=\"elementor-element elementor-element-68ac24b elementor-widget elementor-widget-text-editor\" data-id=\"68ac24b\" data-element_type=\"widget\" data-widget_type=\"text-editor.default\">\n\t\t\t\t<div class=\"elementor-widget-container\">\n\t\t\t\t\t\t\t\t\t<p>Der Name unseres Clubs ist angelehnt an die bekannte TV-Serie &#8222;Club der roten B\u00e4nder&#8220;, in der es sich um krebskranke Kinder und Jugendliche handelt. Da wir unter anderem f\u00fcr diesen Bereich Spenden generieren, folgte aus der \u00dcberlegung &#8222;Die Kinder in der Serie haben rote B\u00e4nder, was haben wir?&#8220;, mit Blick auf die blauen Feuerwehr-Helme schnell die Idee: Club der blauen Helme. Unsere Helme sind unser Markenzeichen und werden von uns bei allen Sport-Events getragen. Die Sterne auf den Helmen sollen die Europaflagge zeigen und die Verbundenheit mit allen Kamerad*Innen auch \u00fcber unsere Grenzen hinaus symbolisieren. Denn neben kranken Kindern m\u00f6chten wir ebenfalls Aufmerksamkeit auf unseren Beruf lenken. &#8222;Mehr Respekt gegen\u00fcber Rettungskr\u00e4ften&#8220; ist uns ein wichtiges Thema, das wir vor allem in 2022 vermehrt fokussieren m\u00f6chten.<\/p>\t\t\t\t\t\t\t\t<\/div>\n\t\t\t\t<\/div>\n\t\t\t\t<div class=\"elementor-element elementor-element-a9c5591 elementor-widget-divider--view-line elementor-widget elementor-widget-divider\" data-id=\"a9c5591\" data-element_type=\"widget\" data-widget_type=\"divider.default\">\n\t\t\t\t<div class=\"elementor-widget-container\">\n\t\t\t\t\t\t\t<div class=\"elementor-divider\">\n\t\t\t<span class=\"elementor-divider-separator\">\n\t\t\t\t\t\t<\/span>\n\t\t<\/div>\n\t\t\t\t\t\t<\/div>\n\t\t\t\t<\/div>\n\t\t\t\t\t<\/div>\n\t\t<\/div>\n\t\t\t\t\t<\/div>\n\t\t<\/section>\n\t\t\t\t<section class=\"elementor-section elementor-top-section elementor-element elementor-element-fa24058 elementor-section-boxed elementor-section-height-default elementor-section-height-default\" data-id=\"fa24058\" data-element_type=\"section\">\n\t\t\t\t\t\t<div class=\"elementor-container elementor-column-gap-default\">\n\t\t\t\t\t<div class=\"elementor-column elementor-col-100 elementor-top-column elementor-element elementor-element-347977b\" data-id=\"347977b\" data-element_type=\"column\">\n\t\t\t<div class=\"elementor-widget-wrap elementor-element-populated\">\n\t\t\t\t\t\t<div class=\"elementor-element elementor-element-2834e7c elementor-widget elementor-widget-heading\" data-id=\"2834e7c\" data-element_type=\"widget\" data-widget_type=\"heading.default\">\n\t\t\t\t<div class=\"elementor-widget-container\">\n\t\t\t\t\t<h3 class=\"elementor-heading-title elementor-size-default\">So sportlich kann soziales Engagement sein<\/h3>\t\t\t\t<\/div>\n\t\t\t\t<\/div>\n\t\t\t\t\t<\/div>\n\t\t<\/div>\n\t\t\t\t\t<\/div>\n\t\t<\/section>\n\t\t\t\t<section class=\"elementor-section elementor-top-section elementor-element elementor-element-e50bb08 elementor-section-boxed elementor-section-height-default elementor-section-height-default\" data-id=\"e50bb08\" data-element_type=\"section\">\n\t\t\t\t\t\t<div class=\"elementor-container elementor-column-gap-default\">\n\t\t\t\t\t<div class=\"elementor-column elementor-col-100 elementor-top-column elementor-element elementor-element-db5da56\" data-id=\"db5da56\" data-element_type=\"column\">\n\t\t\t<div class=\"elementor-widget-wrap elementor-element-populated\">\n\t\t\t\t\t\t<div class=\"elementor-element elementor-element-fa10e98 elementor-widget elementor-widget-text-editor\" data-id=\"fa10e98\" data-element_type=\"widget\" data-widget_type=\"text-editor.default\">\n\t\t\t\t<div class=\"elementor-widget-container\">\n\t\t\t\t\t\t\t\t\t<p>Warum wir in unserer Feuerwehr-Ausr\u00fcstung teilnehmen? Zum einen sind wir Sportler durch und durch und stets auf der Suche nach einer neuen Herausforderung. Zum anderen wussten wir, wenn wir hohe Spendengelder f\u00fcr die Organisationen sammeln wollen, m\u00fcssen wir auffallen. Die 20kg schwere Montur hat uns schon das ein oder andere Mal, wie beispielweise beim Istanbul-Marathon, auf die Probe gestellt und uns einiges abverlangt. Die Ausr\u00fcstung hat nicht nur ein ziemliches Gewicht, sondern ist zudem nicht gerade atmungsaktiv, sodass der Hitzestau bei allen Sport-Veranstaltungen eine der gr\u00f6\u00dften Herausforderungen wird. Doch die inzwischen mehr als 70.000\u20ac generierten Spendengelder und die Dankbarkeit der Empf\u00e4nger lassen uns nie an dem zweifeln, was wir tun.<\/p>\t\t\t\t\t\t\t\t<\/div>\n\t\t\t\t<\/div>\n\t\t\t\t<div class=\"elementor-element elementor-element-4339022 elementor-widget elementor-widget-image\" data-id=\"4339022\" data-element_type=\"widget\" data-widget_type=\"image.default\">\n\t\t\t\t<div class=\"elementor-widget-container\">\n\t\t\t\t\t\t\t\t\t\t\t\t\t\t\t<img decoding=\"async\" width=\"1600\" height=\"1000\" src=\"https:\/\/www.engbers.com\/blog\/wp-content\/uploads\/2021\/09\/Design-ohne-Titel-2.png\" class=\"attachment-full size-full wp-image-7671\" alt=\"\" srcset=\"https:\/\/www.engbers.com\/blog\/wp-content\/uploads\/2021\/09\/Design-ohne-Titel-2.png 1600w, https:\/\/www.engbers.com\/blog\/wp-content\/uploads\/2021\/09\/Design-ohne-Titel-2-300x188.png 300w, https:\/\/www.engbers.com\/blog\/wp-content\/uploads\/2021\/09\/Design-ohne-Titel-2-1024x640.png 1024w, https:\/\/www.engbers.com\/blog\/wp-content\/uploads\/2021\/09\/Design-ohne-Titel-2-768x480.png 768w, https:\/\/www.engbers.com\/blog\/wp-content\/uploads\/2021\/09\/Design-ohne-Titel-2-1536x960.png 1536w, https:\/\/www.engbers.com\/blog\/wp-content\/uploads\/2021\/09\/Design-ohne-Titel-2-24x15.png 24w, https:\/\/www.engbers.com\/blog\/wp-content\/uploads\/2021\/09\/Design-ohne-Titel-2-36x23.png 36w, https:\/\/www.engbers.com\/blog\/wp-content\/uploads\/2021\/09\/Design-ohne-Titel-2-48x30.png 48w\" sizes=\"(max-width: 1600px) 100vw, 1600px\" \/>\t\t\t\t\t\t\t\t\t\t\t\t\t\t\t<\/div>\n\t\t\t\t<\/div>\n\t\t\t\t\t<\/div>\n\t\t<\/div>\n\t\t\t\t\t<\/div>\n\t\t<\/section>\n\t\t\t\t<section class=\"elementor-section elementor-top-section elementor-element elementor-element-fcc498f elementor-section-boxed elementor-section-height-default elementor-section-height-default\" data-id=\"fcc498f\" data-element_type=\"section\">\n\t\t\t\t\t\t<div class=\"elementor-container elementor-column-gap-default\">\n\t\t\t\t\t<div class=\"elementor-column elementor-col-100 elementor-top-column elementor-element elementor-element-3780ce5\" data-id=\"3780ce5\" data-element_type=\"column\">\n\t\t\t<div class=\"elementor-widget-wrap elementor-element-populated\">\n\t\t\t\t\t\t<div class=\"elementor-element elementor-element-50c43de elementor-widget elementor-widget-menu-anchor\" data-id=\"50c43de\" data-element_type=\"widget\" data-widget_type=\"menu-anchor.default\">\n\t\t\t\t<div class=\"elementor-widget-container\">\n\t\t\t\t\t\t\t<div class=\"elementor-menu-anchor\" id=\"projekte\"><\/div>\n\t\t\t\t\t\t<\/div>\n\t\t\t\t<\/div>\n\t\t\t\t<div class=\"elementor-element elementor-element-299e8dc elementor-widget elementor-widget-heading\" data-id=\"299e8dc\" data-element_type=\"widget\" data-widget_type=\"heading.default\">\n\t\t\t\t<div class=\"elementor-widget-container\">\n\t\t\t\t\t<h3 class=\"elementor-heading-title elementor-size-default\">Unsere bislang gr\u00f6\u00dften Projekte<\/h3>\t\t\t\t<\/div>\n\t\t\t\t<\/div>\n\t\t\t\t\t<\/div>\n\t\t<\/div>\n\t\t\t\t\t<\/div>\n\t\t<\/section>\n\t\t\t\t<section class=\"elementor-section elementor-top-section elementor-element elementor-element-04787a1 elementor-section-boxed elementor-section-height-default elementor-section-height-default\" data-id=\"04787a1\" data-element_type=\"section\">\n\t\t\t\t\t\t<div class=\"elementor-container elementor-column-gap-default\">\n\t\t\t\t\t<div class=\"elementor-column elementor-col-100 elementor-top-column elementor-element elementor-element-dd3f471\" data-id=\"dd3f471\" data-element_type=\"column\">\n\t\t\t<div class=\"elementor-widget-wrap elementor-element-populated\">\n\t\t\t\t\t\t<div class=\"elementor-element elementor-element-323cdfd elementor-widget elementor-widget-text-editor\" data-id=\"323cdfd\" data-element_type=\"widget\" data-widget_type=\"text-editor.default\">\n\t\t\t\t<div class=\"elementor-widget-container\">\n\t\t\t\t\t\t\t\t\t<ul><li><strong>2017<\/strong><br \/>Marsch von Metelen nach M\u00fcnster (ca. 42 Kilometer),\u00a0 zugunsten des Familienhauses des Uniklinikums M\u00fcnster (UKM)\u00a0<\/li><li><strong>2018<\/strong><br \/>Gro\u00dfer Kreislauf im Kreis Borken (ca. 220 Kilometer) in 48 Stunden, zugunsten der Hospizbewegung in Vreden, des ASB W\u00fcnschewagens und dem Familienhauses des UKM<\/li><li><strong>2020<\/strong><br \/>&#8211; Marsch auf Mallorca (50 Kilometer) zugunsten der Klinik Clowns der Balearen<br \/>&#8211; Marsch Gronau-Borken-Gronau (108 Kilometer) zugunsten der Aktion Lichtblicke von Radio WMW<br \/>&#8211; M\u00fcnster-Marsch (112 Kilometer) zugunsten des ASB W\u00fcnschewagen und der Klinik Clowns des UKM<\/li><li><strong>2021<\/strong><br \/>Aktion 9\/11, zugunsten der Kameraden in den USA und der Jugendfeuerwehr Gronau<\/li><\/ul>\t\t\t\t\t\t\t\t<\/div>\n\t\t\t\t<\/div>\n\t\t\t\t\t<\/div>\n\t\t<\/div>\n\t\t\t\t\t<\/div>\n\t\t<\/section>\n\t\t\t\t<section class=\"elementor-section elementor-top-section elementor-element elementor-element-22e7fb5 elementor-section-boxed elementor-section-height-default elementor-section-height-default\" data-id=\"22e7fb5\" data-element_type=\"section\">\n\t\t\t\t\t\t<div class=\"elementor-container elementor-column-gap-default\">\n\t\t\t\t\t<div class=\"elementor-column elementor-col-100 elementor-top-column elementor-element elementor-element-f1239c4\" data-id=\"f1239c4\" data-element_type=\"column\">\n\t\t\t<div class=\"elementor-widget-wrap elementor-element-populated\">\n\t\t\t\t\t\t<div class=\"elementor-element elementor-element-84b4f2a elementor-widget elementor-widget-heading\" data-id=\"84b4f2a\" data-element_type=\"widget\" data-widget_type=\"heading.default\">\n\t\t\t\t<div class=\"elementor-widget-container\">\n\t\t\t\t\t<h3 class=\"elementor-heading-title elementor-size-default\">Unsere Projekte f\u00fcr 2021\/2022<\/h3>\t\t\t\t<\/div>\n\t\t\t\t<\/div>\n\t\t\t\t\t<\/div>\n\t\t<\/div>\n\t\t\t\t\t<\/div>\n\t\t<\/section>\n\t\t\t\t<section class=\"elementor-section elementor-top-section elementor-element elementor-element-1fe22d9 elementor-section-boxed elementor-section-height-default elementor-section-height-default\" data-id=\"1fe22d9\" data-element_type=\"section\">\n\t\t\t\t\t\t<div class=\"elementor-container elementor-column-gap-default\">\n\t\t\t\t\t<div class=\"elementor-column elementor-col-100 elementor-top-column elementor-element elementor-element-80a44b1\" data-id=\"80a44b1\" data-element_type=\"column\">\n\t\t\t<div class=\"elementor-widget-wrap elementor-element-populated\">\n\t\t\t\t\t\t<div class=\"elementor-element elementor-element-6a1127e elementor-widget elementor-widget-text-editor\" data-id=\"6a1127e\" data-element_type=\"widget\" data-widget_type=\"text-editor.default\">\n\t\t\t\t<div class=\"elementor-widget-container\">\n\t\t\t\t\t\t\t\t\t<ul><li>Oktober 2021<br \/><a href=\"https:\/\/virtualrunners.de\/collections\/oktober-2021\/products\/08-10-10-21-club-der-blauen-helme\" target=\"_blank\" rel=\"noopener\">08.10. &#8211; 10.10.2021 Virtual Runners Charity Lauf<\/a><\/li><li>Dezember 2021<p>&#8222;Bluelights on Christmas&#8220; in Essen, 8 St\u00fcndiges Event auf Stair Mastern (Treppenlauf)<\/p><\/li><li>April 2022<br \/>&#8222;Blaulichter gemeinsam f\u00fcr den guten Zweck&#8220; auf der FIBO K\u00f6ln (Kilometer sammeln auf Fahrr\u00e4dern)<\/li><li>Juli 2022<br \/>&#8222;Police and Firegames &#8211; Rotterdamm 2022&#8220;<\/li><\/ul>\t\t\t\t\t\t\t\t<\/div>\n\t\t\t\t<\/div>\n\t\t\t\t<div class=\"elementor-element elementor-element-23bb196 elementor-widget elementor-widget-heading\" data-id=\"23bb196\" data-element_type=\"widget\" data-widget_type=\"heading.default\">\n\t\t\t\t<div class=\"elementor-widget-container\">\n\t\t\t\t\t<h3 class=\"elementor-heading-title elementor-size-default\">Auszeichnungen &amp; Nominierungen<\/h3>\t\t\t\t<\/div>\n\t\t\t\t<\/div>\n\t\t\t\t<div class=\"elementor-element elementor-element-c085ce7 elementor-widget elementor-widget-text-editor\" data-id=\"c085ce7\" data-element_type=\"widget\" data-widget_type=\"text-editor.default\">\n\t\t\t\t<div class=\"elementor-widget-container\">\n\t\t\t\t\t\t\t\t\t<p>Wenn uns jemand vor 4 Jahren gesagt h\u00e4tte, dass wir mit dem &#8222;Club der blauen Helme&#8220; f\u00fcr Auszeichnungen nominiert werden, h\u00e4tten wir das vermutlich nicht geglaubt. Doch bereits 2019 wurden wir bereits mit dem Sonderpreis der Bezirksregierung M\u00fcnster in der Rubrik &#8222;Europa, mehr als Du denkst&#8220; ausgezeichnet. Nun steht im Dezember 2021 bereits die n\u00e4chste aufregende Veranstaltung an. Wir wurden f\u00fcr den F\u00f6rderpreis &#8222;Helfende Hand&#8220; des Bundesministeriums des Innern, f\u00fcr Bau und Heimat in der Rubrik &#8222;Unterst\u00fctzung des Ehrenamtes&#8220; nominiert. Voller Spannung sehen wir der Preisverleihung in Berlin am 06. Dezember entgegen.<br \/>Das beste daran ist f\u00fcr uns keineswegs die Nominierung, sondern, dass wir noch mehr Aufmerksamkeit f\u00fcr die unterst\u00fctzungsw\u00fcrdigen Charity-Projekte und den Beruf der Rettungskr\u00e4fte generieren k\u00f6nnen.\u00a0<\/p><p>Du m\u00f6chtest mehr \u00fcber unsere Nominierung f\u00fcr den F\u00f6rderpreis erfahren? <a href=\"https:\/\/www.radiowmw.de\/artikel\/club-der-blauen-helme-fuer-foerderpreis-nominiert-1080740.html\" target=\"_blank\" rel=\"noopener\">H\u00f6re Dir hier unser Interview bei Radio WMW an!\u00a0<\/a><\/p>\t\t\t\t\t\t\t\t<\/div>\n\t\t\t\t<\/div>\n\t\t\t\t\t<\/div>\n\t\t<\/div>\n\t\t\t\t\t<\/div>\n\t\t<\/section>\n\t\t\t\t<section class=\"elementor-section elementor-top-section elementor-element elementor-element-274a5a1 elementor-section-boxed elementor-section-height-default elementor-section-height-default\" data-id=\"274a5a1\" data-element_type=\"section\">\n\t\t\t\t\t\t<div class=\"elementor-container elementor-column-gap-default\">\n\t\t\t\t\t<div class=\"elementor-column elementor-col-100 elementor-top-column elementor-element elementor-element-fff396b\" data-id=\"fff396b\" data-element_type=\"column\">\n\t\t\t<div class=\"elementor-widget-wrap elementor-element-populated\">\n\t\t\t\t\t\t<div class=\"elementor-element elementor-element-55e9d31 elementor-widget elementor-widget-image\" data-id=\"55e9d31\" data-element_type=\"widget\" data-widget_type=\"image.default\">\n\t\t\t\t<div class=\"elementor-widget-container\">\n\t\t\t\t\t\t\t\t\t\t\t\t\t\t\t<img decoding=\"async\" width=\"1600\" height=\"1000\" src=\"https:\/\/www.engbers.com\/blog\/wp-content\/uploads\/2021\/10\/Design-ohne-Titel-4.png\" class=\"attachment-full size-full wp-image-7681\" alt=\"\" srcset=\"https:\/\/www.engbers.com\/blog\/wp-content\/uploads\/2021\/10\/Design-ohne-Titel-4.png 1600w, https:\/\/www.engbers.com\/blog\/wp-content\/uploads\/2021\/10\/Design-ohne-Titel-4-300x188.png 300w, https:\/\/www.engbers.com\/blog\/wp-content\/uploads\/2021\/10\/Design-ohne-Titel-4-1024x640.png 1024w, https:\/\/www.engbers.com\/blog\/wp-content\/uploads\/2021\/10\/Design-ohne-Titel-4-768x480.png 768w, https:\/\/www.engbers.com\/blog\/wp-content\/uploads\/2021\/10\/Design-ohne-Titel-4-1536x960.png 1536w, https:\/\/www.engbers.com\/blog\/wp-content\/uploads\/2021\/10\/Design-ohne-Titel-4-24x15.png 24w, https:\/\/www.engbers.com\/blog\/wp-content\/uploads\/2021\/10\/Design-ohne-Titel-4-36x23.png 36w, https:\/\/www.engbers.com\/blog\/wp-content\/uploads\/2021\/10\/Design-ohne-Titel-4-48x30.png 48w\" sizes=\"(max-width: 1600px) 100vw, 1600px\" \/>\t\t\t\t\t\t\t\t\t\t\t\t\t\t\t<\/div>\n\t\t\t\t<\/div>\n\t\t\t\t\t<\/div>\n\t\t<\/div>\n\t\t\t\t\t<\/div>\n\t\t<\/section>\n\t\t\t\t<section class=\"elementor-section elementor-top-section elementor-element elementor-element-8ff48d5 elementor-section-boxed elementor-section-height-default elementor-section-height-default\" data-id=\"8ff48d5\" data-element_type=\"section\">\n\t\t\t\t\t\t<div class=\"elementor-container elementor-column-gap-default\">\n\t\t\t\t\t<div class=\"elementor-column elementor-col-100 elementor-top-column elementor-element elementor-element-a511e03\" data-id=\"a511e03\" data-element_type=\"column\">\n\t\t\t<div class=\"elementor-widget-wrap elementor-element-populated\">\n\t\t\t\t\t\t<div class=\"elementor-element elementor-element-d870ef3 elementor-widget-divider--view-line elementor-widget elementor-widget-divider\" data-id=\"d870ef3\" data-element_type=\"widget\" data-widget_type=\"divider.default\">\n\t\t\t\t<div class=\"elementor-widget-container\">\n\t\t\t\t\t\t\t<div class=\"elementor-divider\">\n\t\t\t<span class=\"elementor-divider-separator\">\n\t\t\t\t\t\t<\/span>\n\t\t<\/div>\n\t\t\t\t\t\t<\/div>\n\t\t\t\t<\/div>\n\t\t\t\t<div class=\"elementor-element elementor-element-e249679 elementor-widget elementor-widget-heading\" data-id=\"e249679\" data-element_type=\"widget\" data-widget_type=\"heading.default\">\n\t\t\t\t<div class=\"elementor-widget-container\">\n\t\t\t\t\t<h3 class=\"elementor-heading-title elementor-size-default\">So kannst Du ebenfalls Engagement zeigen!<\/h3>\t\t\t\t<\/div>\n\t\t\t\t<\/div>\n\t\t\t\t\t<\/div>\n\t\t<\/div>\n\t\t\t\t\t<\/div>\n\t\t<\/section>\n\t\t\t\t<section class=\"elementor-section elementor-top-section elementor-element elementor-element-348f137 elementor-section-boxed elementor-section-height-default elementor-section-height-default\" data-id=\"348f137\" data-element_type=\"section\">\n\t\t\t\t\t\t<div class=\"elementor-container elementor-column-gap-default\">\n\t\t\t\t\t<div class=\"elementor-column elementor-col-100 elementor-top-column elementor-element elementor-element-669bec7\" data-id=\"669bec7\" data-element_type=\"column\">\n\t\t\t<div class=\"elementor-widget-wrap elementor-element-populated\">\n\t\t\t\t\t\t<div class=\"elementor-element elementor-element-8bbe17b elementor-widget elementor-widget-text-editor\" data-id=\"8bbe17b\" data-element_type=\"widget\" data-widget_type=\"text-editor.default\">\n\t\t\t\t<div class=\"elementor-widget-container\">\n\t\t\t\t\t\t\t\t\t<p>Es muss nicht immer gleich ein Marathon in Feuerwehrmontur sein, um sein Engagement f\u00fcr den guten Zweck einzubringen. Du bist ebenfalls begeisterter Sportler oder Gelegenheitsl\u00e4ufer?<br \/>Noch bis zum <b>06. Oktober 2021<\/b> kannst Du Dich f\u00fcr den<b> &#8222;Club der blauen Helme Charity-Lauf&#8220;<\/b> in Zusammenarbeit mit Virtual Runners anmelden! W\u00e4hle eine Distanz und generiere ebenfalls Spendengelder f\u00fcr das Kinderhospiz L\u00f6wenherz.<br \/><a href=\"https:\/\/virtualrunners.de\/collections\/oktober-2021\/products\/08-10-10-21-club-der-blauen-helme\" target=\"_blank\" rel=\"noopener\"><b>Hier geht&#8217;s zu allen Infos und zur Anmeldung.<\/b><\/a><\/p><div><p>Wir danken Dir schon vorab!<\/p><p>Sportliche Gr\u00fc\u00dfe,<\/p><p>Euer Club der blauen Helme<br \/>Ingo, Daniel &amp; J\u00f6rg<\/p><\/div>\t\t\t\t\t\t\t\t<\/div>\n\t\t\t\t<\/div>\n\t\t\t\t<div class=\"elementor-element elementor-element-650e30c elementor-widget-divider--view-line elementor-widget elementor-widget-divider\" data-id=\"650e30c\" data-element_type=\"widget\" data-widget_type=\"divider.default\">\n\t\t\t\t<div class=\"elementor-widget-container\">\n\t\t\t\t\t\t\t<div class=\"elementor-divider\">\n\t\t\t<span class=\"elementor-divider-separator\">\n\t\t\t\t\t\t<\/span>\n\t\t<\/div>\n\t\t\t\t\t\t<\/div>\n\t\t\t\t<\/div>\n\t\t\t\t\t<\/div>\n\t\t<\/div>\n\t\t\t\t\t<\/div>\n\t\t<\/section>\n\t\t\t\t<section class=\"elementor-section elementor-top-section elementor-element elementor-element-b9ab340 elementor-section-boxed elementor-section-height-default elementor-section-height-default\" data-id=\"b9ab340\" data-element_type=\"section\">\n\t\t\t\t\t\t<div class=\"elementor-container elementor-column-gap-default\">\n\t\t\t\t\t<div class=\"elementor-column elementor-col-100 elementor-top-column elementor-element elementor-element-43fef73\" data-id=\"43fef73\" data-element_type=\"column\">\n\t\t\t<div class=\"elementor-widget-wrap elementor-element-populated\">\n\t\t\t\t\t\t<div class=\"elementor-element elementor-element-6d99e52 elementor-widget elementor-widget-text-editor\" data-id=\"6d99e52\" data-element_type=\"widget\" data-widget_type=\"text-editor.default\">\n\t\t\t\t<div class=\"elementor-widget-container\">\n\t\t\t\t\t\t\t\t\t<p>Du bist ebenfalls f\u00fcr den guten Zweck engagiert oder hast ein spannendes Hobby von dem Du auf dem engbers-Blog berichten m\u00f6chtest?\u00a0<br \/>Dann schreibe einen Kommentar unter dem Blogbeitrag oder sende eine Mail an pr@engbers.com.<br \/>Wir freuen uns auf Deine Story!<\/p>\t\t\t\t\t\t\t\t<\/div>\n\t\t\t\t<\/div>\n\t\t\t\t\t<\/div>\n\t\t<\/div>\n\t\t\t\t\t<\/div>\n\t\t<\/section>\n\t\t\t\t<\/div>\n\t\t","protected":false},"excerpt":{"rendered":"<p>MEHR Meinung. MEHR Mann. Der engbers-Blog ist mehr als nur ein M\u00e4nner-Magazin. Vielmehr ist er eine Plattform f\u00fcr alle Themen, die in einer echten M\u00e4nner-Freundschaft ausgetauscht werden m\u00fcssen. Hier soll nicht nur \u00fcber Mode gesprochen werden, sondern ebenso \u00fcber unsere Hobbys, Interessen und unser Engagement. Daher freuen wir uns besonders, dass wir unseren ersten Gastbeitrag&hellip;&nbsp;<a href=\"https:\/\/www.engbers.com\/blog\/club-der-blauen-helme\/\" class=\"\" rel=\"bookmark\">Weiterlesen &raquo;<span class=\"screen-reader-text\">Club der blauen Helme: In Feuerwehr-Montur f\u00fcr den guten Zweck<\/span><\/a><\/p>\n","protected":false},"author":9,"featured_media":7670,"comment_status":"open","ping_status":"open","sticky":false,"template":"","format":"standard","meta":{"footnotes":""},"categories":[6,540],"tags":[438,454,808,1074,1075,1076,1077],"class_list":["post-7668","post","type-post","status-publish","format-standard","has-post-thumbnail","hentry","category-lifestyle","category-emilioadaniblog","tag-spenden","tag-gastbeitrag","tag-sport","tag-club-der-blauen-helme","tag-charity","tag-guter-zweck","tag-feuerwehr"],"aioseo_notices":[],"_links":{"self":[{"href":"https:\/\/www.engbers.com\/blog\/wp-json\/wp\/v2\/posts\/7668","targetHints":{"allow":["GET"]}}],"collection":[{"href":"https:\/\/www.engbers.com\/blog\/wp-json\/wp\/v2\/posts"}],"about":[{"href":"https:\/\/www.engbers.com\/blog\/wp-json\/wp\/v2\/types\/post"}],"author":[{"embeddable":true,"href":"https:\/\/www.engbers.com\/blog\/wp-json\/wp\/v2\/users\/9"}],"replies":[{"embeddable":true,"href":"https:\/\/www.engbers.com\/blog\/wp-json\/wp\/v2\/comments?post=7668"}],"version-history":[{"count":41,"href":"https:\/\/www.engbers.com\/blog\/wp-json\/wp\/v2\/posts\/7668\/revisions"}],"predecessor-version":[{"id":7724,"href":"https:\/\/www.engbers.com\/blog\/wp-json\/wp\/v2\/posts\/7668\/revisions\/7724"}],"wp:featuredmedia":[{"embeddable":true,"href":"https:\/\/www.engbers.com\/blog\/wp-json\/wp\/v2\/media\/7670"}],"wp:attachment":[{"href":"https:\/\/www.engbers.com\/blog\/wp-json\/wp\/v2\/media?parent=7668"}],"wp:term":[{"taxonomy":"category","embeddable":true,"href":"https:\/\/www.engbers.com\/blog\/wp-json\/wp\/v2\/categories?post=7668"},{"taxonomy":"post_tag","embeddable":true,"href":"https:\/\/www.engbers.com\/blog\/wp-json\/wp\/v2\/tags?post=7668"}],"curies":[{"name":"wp","href":"https:\/\/api.w.org\/{rel}","templated":true}]}}