{"id":9634,"date":"2022-09-18T11:40:00","date_gmt":"2022-09-18T09:40:00","guid":{"rendered":"https:\/\/www.engbers.com\/blog\/?p=9634"},"modified":"2022-09-28T10:16:32","modified_gmt":"2022-09-28T08:16:32","slug":"erweiterung-der-bernhard-bosch-kita","status":"publish","type":"post","link":"https:\/\/www.engbers.com\/blog\/erweiterung-der-bernhard-bosch-kita\/","title":{"rendered":"Erweiterung der Bernhard-Bosch-Kita in Berlin-Marzahn"},"content":{"rendered":"\t\t<div data-elementor-type=\"wp-post\" data-elementor-id=\"9634\" class=\"elementor elementor-9634\">\n\t\t\t\t\t\t<section class=\"elementor-section elementor-top-section elementor-element elementor-element-afda8e1 elementor-section-boxed elementor-section-height-default elementor-section-height-default\" data-id=\"afda8e1\" data-element_type=\"section\">\n\t\t\t\t\t\t<div class=\"elementor-container elementor-column-gap-default\">\n\t\t\t\t\t<div class=\"elementor-column elementor-col-100 elementor-top-column elementor-element elementor-element-64f9215\" data-id=\"64f9215\" data-element_type=\"column\">\n\t\t\t<div class=\"elementor-widget-wrap elementor-element-populated\">\n\t\t\t\t\t\t<div class=\"elementor-element elementor-element-120ab3b elementor-widget elementor-widget-text-editor\" data-id=\"120ab3b\" data-element_type=\"widget\" data-widget_type=\"text-editor.default\">\n\t\t\t\t<div class=\"elementor-widget-container\">\n\t\t\t\t\t\t\t\t\t<p>Gegr\u00fcndet zum Andenken an Bernhard Bosch und mit dem Ziel, Kindern und Jugendlichen die Chance auf eine bessere Zukunft zu erm\u00f6glichen, konnte die Bernhard-Bosch-Stiftung in den letzten 27 Jahren zahlreiche Projekte ins Leben rufen und unterst\u00fctzen. Hier geht es der Stiftung vor allem um Bildung und Ausbildung, denn diese ist der Schl\u00fcssel zu einem selbstbestimmten und w\u00fcrdevollen Leben.<\/p>\t\t\t\t\t\t\t\t<\/div>\n\t\t\t\t<\/div>\n\t\t\t\t<div class=\"elementor-element elementor-element-87727bc elementor-widget elementor-widget-image\" data-id=\"87727bc\" data-element_type=\"widget\" data-widget_type=\"image.default\">\n\t\t\t\t<div class=\"elementor-widget-container\">\n\t\t\t\t\t\t\t\t\t\t\t\t\t\t\t<img fetchpriority=\"high\" decoding=\"async\" width=\"1024\" height=\"640\" src=\"https:\/\/www.engbers.com\/blog\/wp-content\/uploads\/2022\/09\/DIE-ERWEITERUNG-DER-BERNHARD-BOSCH-KITA-1024x640.png\" class=\"attachment-large size-large wp-image-9647\" alt=\"Titelbild\" srcset=\"https:\/\/www.engbers.com\/blog\/wp-content\/uploads\/2022\/09\/DIE-ERWEITERUNG-DER-BERNHARD-BOSCH-KITA-1024x640.png 1024w, https:\/\/www.engbers.com\/blog\/wp-content\/uploads\/2022\/09\/DIE-ERWEITERUNG-DER-BERNHARD-BOSCH-KITA-300x188.png 300w, https:\/\/www.engbers.com\/blog\/wp-content\/uploads\/2022\/09\/DIE-ERWEITERUNG-DER-BERNHARD-BOSCH-KITA-768x480.png 768w, https:\/\/www.engbers.com\/blog\/wp-content\/uploads\/2022\/09\/DIE-ERWEITERUNG-DER-BERNHARD-BOSCH-KITA-1536x960.png 1536w, https:\/\/www.engbers.com\/blog\/wp-content\/uploads\/2022\/09\/DIE-ERWEITERUNG-DER-BERNHARD-BOSCH-KITA-24x15.png 24w, https:\/\/www.engbers.com\/blog\/wp-content\/uploads\/2022\/09\/DIE-ERWEITERUNG-DER-BERNHARD-BOSCH-KITA-36x23.png 36w, https:\/\/www.engbers.com\/blog\/wp-content\/uploads\/2022\/09\/DIE-ERWEITERUNG-DER-BERNHARD-BOSCH-KITA-48x30.png 48w, https:\/\/www.engbers.com\/blog\/wp-content\/uploads\/2022\/09\/DIE-ERWEITERUNG-DER-BERNHARD-BOSCH-KITA.png 1600w\" sizes=\"(max-width: 1024px) 100vw, 1024px\" \/>\t\t\t\t\t\t\t\t\t\t\t\t\t\t\t<\/div>\n\t\t\t\t<\/div>\n\t\t\t\t<div class=\"elementor-element elementor-element-c425b9c elementor-widget elementor-widget-spacer\" data-id=\"c425b9c\" data-element_type=\"widget\" data-widget_type=\"spacer.default\">\n\t\t\t\t<div class=\"elementor-widget-container\">\n\t\t\t\t\t\t\t<div class=\"elementor-spacer\">\n\t\t\t<div class=\"elementor-spacer-inner\"><\/div>\n\t\t<\/div>\n\t\t\t\t\t\t<\/div>\n\t\t\t\t<\/div>\n\t\t\t\t<div class=\"elementor-element elementor-element-d6fa53a elementor-widget elementor-widget-heading\" data-id=\"d6fa53a\" data-element_type=\"widget\" data-widget_type=\"heading.default\">\n\t\t\t\t<div class=\"elementor-widget-container\">\n\t\t\t\t\t<h3 class=\"elementor-heading-title elementor-size-default\">Bernhard-Bosch-Kindertagesst\u00e4tte - Ein besonderer Bildungsort<\/h3>\t\t\t\t<\/div>\n\t\t\t\t<\/div>\n\t\t\t\t\t<\/div>\n\t\t<\/div>\n\t\t\t\t\t<\/div>\n\t\t<\/section>\n\t\t\t\t<section class=\"elementor-section elementor-top-section elementor-element elementor-element-6b1f3d6 elementor-section-boxed elementor-section-height-default elementor-section-height-default\" data-id=\"6b1f3d6\" data-element_type=\"section\">\n\t\t\t\t\t\t<div class=\"elementor-container elementor-column-gap-default\">\n\t\t\t\t\t<div class=\"elementor-column elementor-col-100 elementor-top-column elementor-element elementor-element-1c8bb92\" data-id=\"1c8bb92\" data-element_type=\"column\">\n\t\t\t<div class=\"elementor-widget-wrap elementor-element-populated\">\n\t\t\t\t\t\t<div class=\"elementor-element elementor-element-993375d elementor-widget elementor-widget-text-editor\" data-id=\"993375d\" data-element_type=\"widget\" data-widget_type=\"text-editor.default\">\n\t\t\t\t<div class=\"elementor-widget-container\">\n\t\t\t\t\t\t\t\t\t<p>Bereits im Oktober 2021 wurde die &#8222;Bernhard-Bosch-Kita&#8220; in Berlin-Marzahn er\u00f6ffnet. Angegliedert an die<a href=\"https:\/\/www.manege-berlin.de\/\"> Manege gGmbH<\/a>, finden hier Kinder eine liebevolle Betreuung und einen ganzheitlichen Bildungsort, der sie optimal auf ihr Leben und somit auch auf ihre Schulzeit vorbereiten soll.\u00a0<span style=\"color: var( --e-global-color-text ); font-family: var( --e-global-typography-text-font-family ), Sans-serif; font-weight: var( --e-global-typography-text-font-weight );\">So bietet die Manege gGmbH alles unter einem Dach an.\u00a0<\/span><\/p><p><span style=\"color: var( --e-global-color-text ); font-family: var( --e-global-typography-text-font-family ), Sans-serif; font-weight: var( --e-global-typography-text-font-weight );\">Auch wenn die Bernhard-Bosch-Kita eine \u00f6ffentliche Kindertagesst\u00e4tte ist, haben die Schwestern der Manege Berlin ein gro\u00dfes Mitspracherecht dabei, welche Kinder einen Platz bekommen. Ziel ist es, vor allem Kindern aus Marzahn, deren Eltern selbst noch zur Schule gehen, eine Ausbildung machen oder in schwierigen Situationen leben, den besseren Einstieg in ihr Leben und eine sichere Betreuung zu schenken. Den Schwestern der Manege ist es besonders wichtig, den Kindern durch Spiele, Bewegung und die Natur die Welt zu zeigen, Sozialkompetenzen zu f\u00f6rdern und auch Sprachkenntnisse fr\u00fch zu entwickeln. Auch das Mischen der Alters- und Kitagruppen f\u00fcr Ausfl\u00fcge und Spiele geh\u00f6rt zu dem entwickelten Konzept der Bernhard-Bosch-Kita.<\/span><\/p>\t\t\t\t\t\t\t\t<\/div>\n\t\t\t\t<\/div>\n\t\t\t\t<div class=\"elementor-element elementor-element-aa166f3 elementor-widget elementor-widget-heading\" data-id=\"aa166f3\" data-element_type=\"widget\" data-widget_type=\"heading.default\">\n\t\t\t\t<div class=\"elementor-widget-container\">\n\t\t\t\t\t<h4 class=\"elementor-heading-title elementor-size-default\">R\u00fcckblick - Der Bau der Kita in 2021<\/h4>\t\t\t\t<\/div>\n\t\t\t\t<\/div>\n\t\t\t\t<div class=\"elementor-element elementor-element-b962bb7 elementor-widget elementor-widget-video\" data-id=\"b962bb7\" data-element_type=\"widget\" data-settings=\"{&quot;youtube_url&quot;:&quot;https:\\\/\\\/www.youtube.com\\\/watch?v=6xWBtZAm9j0&amp;t=41s&quot;,&quot;video_type&quot;:&quot;youtube&quot;,&quot;controls&quot;:&quot;yes&quot;}\" data-widget_type=\"video.default\">\n\t\t\t\t<div class=\"elementor-widget-container\">\n\t\t\t\t\t\t\t<div class=\"elementor-wrapper elementor-open-inline\">\n\t\t\t<div class=\"elementor-video\"><\/div>\t\t<\/div>\n\t\t\t\t\t\t<\/div>\n\t\t\t\t<\/div>\n\t\t\t\t\t<\/div>\n\t\t<\/div>\n\t\t\t\t\t<\/div>\n\t\t<\/section>\n\t\t\t\t<section class=\"elementor-section elementor-top-section elementor-element elementor-element-bf4fdcd elementor-section-boxed elementor-section-height-default elementor-section-height-default\" data-id=\"bf4fdcd\" data-element_type=\"section\">\n\t\t\t\t\t\t<div class=\"elementor-container elementor-column-gap-default\">\n\t\t\t\t\t<div class=\"elementor-column elementor-col-100 elementor-top-column elementor-element elementor-element-e2f97cb\" data-id=\"e2f97cb\" data-element_type=\"column\">\n\t\t\t<div class=\"elementor-widget-wrap elementor-element-populated\">\n\t\t\t\t\t\t<div class=\"elementor-element elementor-element-cc02640 elementor-widget elementor-widget-spacer\" data-id=\"cc02640\" data-element_type=\"widget\" data-widget_type=\"spacer.default\">\n\t\t\t\t<div class=\"elementor-widget-container\">\n\t\t\t\t\t\t\t<div class=\"elementor-spacer\">\n\t\t\t<div class=\"elementor-spacer-inner\"><\/div>\n\t\t<\/div>\n\t\t\t\t\t\t<\/div>\n\t\t\t\t<\/div>\n\t\t\t\t<div class=\"elementor-element elementor-element-5b64980 elementor-widget elementor-widget-heading\" data-id=\"5b64980\" data-element_type=\"widget\" data-widget_type=\"heading.default\">\n\t\t\t\t<div class=\"elementor-widget-container\">\n\t\t\t\t\t<h3 class=\"elementor-heading-title elementor-size-default\">Die Erweiterung der Kita<\/h3>\t\t\t\t<\/div>\n\t\t\t\t<\/div>\n\t\t\t\t\t<\/div>\n\t\t<\/div>\n\t\t\t\t\t<\/div>\n\t\t<\/section>\n\t\t\t\t<section class=\"elementor-section elementor-top-section elementor-element elementor-element-573eda0 elementor-section-boxed elementor-section-height-default elementor-section-height-default\" data-id=\"573eda0\" data-element_type=\"section\">\n\t\t\t\t\t\t<div class=\"elementor-container elementor-column-gap-default\">\n\t\t\t\t\t<div class=\"elementor-column elementor-col-100 elementor-top-column elementor-element elementor-element-c4bc9e0\" data-id=\"c4bc9e0\" data-element_type=\"column\">\n\t\t\t<div class=\"elementor-widget-wrap elementor-element-populated\">\n\t\t\t\t\t\t<div class=\"elementor-element elementor-element-878d222 elementor-widget elementor-widget-text-editor\" data-id=\"878d222\" data-element_type=\"widget\" data-widget_type=\"text-editor.default\">\n\t\t\t\t<div class=\"elementor-widget-container\">\n\t\t\t\t\t\t\t\t\t<p>Die Kita erh\u00e4lt derzeit <b>mehr Anfragen denn je <\/b>und den Schwestern f\u00e4llt die Entscheidung, welches Kind nun einen Platz bekommt, sehr schwer. Die Schwestern m\u00fcssen die Entscheidung f\u00e4llen zwischen einem Kind aus der direkten Nachbarschaft &#8211; dem Obdachlosenheim &#8211; einem Kind aus der Gemeinschaftsunterkunft f\u00fcr gefl\u00fcchtete Menschen, die schon lange bei uns leben (meist syrisch, afghanisch oder ein afrikanisches Land), einem ukrainischen Kind, das gerade mit seiner Mutter in Berlin angekommen ist und dem Kind einer der Jugendlichen, die bereits von der Manege gGmbH unterst\u00fctzt werden.\u00a0<br \/>F\u00fcr das gemeinsame Lernen ist es den Schwestern wichtig, dass auch die deutsche Sprache gut vertreten ist.\u00a0<\/p>\t\t\t\t\t\t\t\t<\/div>\n\t\t\t\t<\/div>\n\t\t\t\t<div class=\"elementor-element elementor-element-8cfa6b6 elementor-arrows-position-inside elementor-pagination-position-outside elementor-widget elementor-widget-image-carousel\" data-id=\"8cfa6b6\" data-element_type=\"widget\" data-settings=\"{&quot;navigation&quot;:&quot;both&quot;,&quot;autoplay&quot;:&quot;yes&quot;,&quot;pause_on_hover&quot;:&quot;yes&quot;,&quot;pause_on_interaction&quot;:&quot;yes&quot;,&quot;autoplay_speed&quot;:5000,&quot;infinite&quot;:&quot;yes&quot;,&quot;speed&quot;:500}\" data-widget_type=\"image-carousel.default\">\n\t\t\t\t<div class=\"elementor-widget-container\">\n\t\t\t\t\t\t\t<div class=\"elementor-image-carousel-wrapper swiper\" role=\"region\" aria-roledescription=\"carousel\" aria-label=\"Bild Karussell\" dir=\"ltr\">\n\t\t\t<div class=\"elementor-image-carousel swiper-wrapper\" aria-live=\"off\">\n\t\t\t\t\t\t\t\t<div class=\"swiper-slide\" role=\"group\" aria-roledescription=\"slide\" aria-label=\"1 von 4\"><figure class=\"swiper-slide-inner\"><img decoding=\"async\" class=\"swiper-slide-image\" src=\"https:\/\/www.engbers.com\/blog\/wp-content\/uploads\/2022\/09\/Design-ohne-Titel-79-300x300.png\" alt=\"Design ohne Titel (79)\" \/><\/figure><\/div><div class=\"swiper-slide\" role=\"group\" aria-roledescription=\"slide\" aria-label=\"2 von 4\"><figure class=\"swiper-slide-inner\"><img decoding=\"async\" class=\"swiper-slide-image\" src=\"https:\/\/www.engbers.com\/blog\/wp-content\/uploads\/2022\/09\/Design-ohne-Titel-78-300x300.png\" alt=\"Design ohne Titel (78)\" \/><\/figure><\/div><div class=\"swiper-slide\" role=\"group\" aria-roledescription=\"slide\" aria-label=\"3 von 4\"><figure class=\"swiper-slide-inner\"><img decoding=\"async\" class=\"swiper-slide-image\" src=\"https:\/\/www.engbers.com\/blog\/wp-content\/uploads\/2022\/09\/Design-ohne-Titel-77-300x300.png\" alt=\"Design ohne Titel (77)\" \/><\/figure><\/div><div class=\"swiper-slide\" role=\"group\" aria-roledescription=\"slide\" aria-label=\"4 von 4\"><figure class=\"swiper-slide-inner\"><img decoding=\"async\" class=\"swiper-slide-image\" src=\"https:\/\/www.engbers.com\/blog\/wp-content\/uploads\/2022\/09\/Design-ohne-Titel-76-300x300.png\" alt=\"Design ohne Titel (76)\" \/><\/figure><\/div>\t\t\t<\/div>\n\t\t\t\t\t\t\t\t\t\t\t\t<div class=\"elementor-swiper-button elementor-swiper-button-prev\" role=\"button\" tabindex=\"0\">\n\t\t\t\t\t\t<i aria-hidden=\"true\" class=\"eicon-chevron-left\"><\/i>\t\t\t\t\t<\/div>\n\t\t\t\t\t<div class=\"elementor-swiper-button elementor-swiper-button-next\" role=\"button\" tabindex=\"0\">\n\t\t\t\t\t\t<i aria-hidden=\"true\" class=\"eicon-chevron-right\"><\/i>\t\t\t\t\t<\/div>\n\t\t\t\t\n\t\t\t\t\t\t\t\t\t<div class=\"swiper-pagination\"><\/div>\n\t\t\t\t\t\t\t\t\t<\/div>\n\t\t\t\t\t\t<\/div>\n\t\t\t\t<\/div>\n\t\t\t\t\t<\/div>\n\t\t<\/div>\n\t\t\t\t\t<\/div>\n\t\t<\/section>\n\t\t\t\t<section class=\"elementor-section elementor-top-section elementor-element elementor-element-22eebd9 elementor-section-boxed elementor-section-height-default elementor-section-height-default\" data-id=\"22eebd9\" data-element_type=\"section\">\n\t\t\t\t\t\t<div class=\"elementor-container elementor-column-gap-default\">\n\t\t\t\t\t<div class=\"elementor-column elementor-col-100 elementor-top-column elementor-element elementor-element-7fa2153\" data-id=\"7fa2153\" data-element_type=\"column\">\n\t\t\t<div class=\"elementor-widget-wrap elementor-element-populated\">\n\t\t\t\t\t\t<div class=\"elementor-element elementor-element-cc49832 elementor-widget elementor-widget-text-editor\" data-id=\"cc49832\" data-element_type=\"widget\" data-widget_type=\"text-editor.default\">\n\t\t\t\t<div class=\"elementor-widget-container\">\n\t\t\t\t\t\t\t\t\t<p>Derzeit haben 15 Kinder in der Kita Platz. Mit dem Umbau, der am 04. Oktober 2022 startet, k\u00f6nnen bis zu <strong>25 Kinder<\/strong> aufgenommen werden. Beim Umbau werden weitere Gruppenr\u00e4ume sowie zus\u00e4tzliche, kindgerechte Toiletten entstehen. Dar\u00fcber hinaus k\u00f6nnen durch die Erweiterung nun zwei Gruppen gebildet werden: Eine Gruppe f\u00fcr die Kinder von 8 Monaten bis 3 Jahren und eine Gruppe f\u00fcr die Kinder ab 3 Jahren bis Schulstart. Dadurch wird eine <strong>individuelle, intensivere F\u00f6rderung<\/strong> m\u00f6glich.\u00a0<\/p>\t\t\t\t\t\t\t\t<\/div>\n\t\t\t\t<\/div>\n\t\t\t\t\t<\/div>\n\t\t<\/div>\n\t\t\t\t\t<\/div>\n\t\t<\/section>\n\t\t\t\t<section class=\"elementor-section elementor-top-section elementor-element elementor-element-877bbd3 elementor-section-boxed elementor-section-height-default elementor-section-height-default\" data-id=\"877bbd3\" data-element_type=\"section\">\n\t\t\t\t\t\t<div class=\"elementor-container elementor-column-gap-default\">\n\t\t\t\t\t<div class=\"elementor-column elementor-col-100 elementor-top-column elementor-element elementor-element-c1a8077\" data-id=\"c1a8077\" data-element_type=\"column\">\n\t\t\t<div class=\"elementor-widget-wrap elementor-element-populated\">\n\t\t\t\t\t\t<div class=\"elementor-element elementor-element-0c6f829 elementor-widget elementor-widget-text-editor\" data-id=\"0c6f829\" data-element_type=\"widget\" data-widget_type=\"text-editor.default\">\n\t\t\t\t<div class=\"elementor-widget-container\">\n\t\t\t\t\t\t\t\t\t<p>Durch die Erweiterung wird nat\u00fcrlich auch personell aufgestockt und es wird eine weitere Sozialp\u00e4dagogin eingestellt, die auch die Leitung der Kita \u00fcbernehmen wird. Sie hat langj\u00e4hrige Erfahrung und Zusatzqualifikationen in der Feststellung eines m\u00f6glichen Integrationsstatus, in Elternberatung etc.<br>Zudem finden die Kinder ab September 2022 auch einen m\u00e4nnlichen Ansprechpartner durch einen FSJler (Freiwilliges Soziales Jahr).<\/p>\t\t\t\t\t\t\t\t<\/div>\n\t\t\t\t<\/div>\n\t\t\t\t\t<\/div>\n\t\t<\/div>\n\t\t\t\t\t<\/div>\n\t\t<\/section>\n\t\t\t\t<section class=\"elementor-section elementor-top-section elementor-element elementor-element-ca8b6e7 elementor-section-boxed elementor-section-height-default elementor-section-height-default\" data-id=\"ca8b6e7\" data-element_type=\"section\">\n\t\t\t\t\t\t<div class=\"elementor-container elementor-column-gap-default\">\n\t\t\t\t\t<div class=\"elementor-column elementor-col-100 elementor-top-column elementor-element elementor-element-1934c65\" data-id=\"1934c65\" data-element_type=\"column\">\n\t\t\t<div class=\"elementor-widget-wrap elementor-element-populated\">\n\t\t\t\t\t\t<div class=\"elementor-element elementor-element-f0fe024 elementor-widget elementor-widget-text-editor\" data-id=\"f0fe024\" data-element_type=\"widget\" data-widget_type=\"text-editor.default\">\n\t\t\t\t<div class=\"elementor-widget-container\">\n\t\t\t\t\t\t\t\t\t<p>Die Schwestern und Kinder vor Ort freuen sich schon sehr auf die geplante Fertigstellung des Umbaus am 09. Januar 2023.\u00a0<\/p>\t\t\t\t\t\t\t\t<\/div>\n\t\t\t\t<\/div>\n\t\t\t\t<div class=\"elementor-element elementor-element-40c7dd6 elementor-widget-divider--view-line elementor-widget elementor-widget-divider\" data-id=\"40c7dd6\" data-element_type=\"widget\" data-widget_type=\"divider.default\">\n\t\t\t\t<div class=\"elementor-widget-container\">\n\t\t\t\t\t\t\t<div class=\"elementor-divider\">\n\t\t\t<span class=\"elementor-divider-separator\">\n\t\t\t\t\t\t<\/span>\n\t\t<\/div>\n\t\t\t\t\t\t<\/div>\n\t\t\t\t<\/div>\n\t\t\t\t\t<\/div>\n\t\t<\/div>\n\t\t\t\t\t<\/div>\n\t\t<\/section>\n\t\t\t\t<section class=\"elementor-section elementor-top-section elementor-element elementor-element-6c27f02 elementor-section-boxed elementor-section-height-default elementor-section-height-default\" data-id=\"6c27f02\" data-element_type=\"section\">\n\t\t\t\t\t\t<div class=\"elementor-container elementor-column-gap-default\">\n\t\t\t\t\t<div class=\"elementor-column elementor-col-100 elementor-top-column elementor-element elementor-element-505d987\" data-id=\"505d987\" data-element_type=\"column\">\n\t\t\t<div class=\"elementor-widget-wrap elementor-element-populated\">\n\t\t\t\t\t\t<div class=\"elementor-element elementor-element-fe07fd8 elementor-widget elementor-widget-heading\" data-id=\"fe07fd8\" data-element_type=\"widget\" data-widget_type=\"heading.default\">\n\t\t\t\t<div class=\"elementor-widget-container\">\n\t\t\t\t\t<h3 class=\"elementor-heading-title elementor-size-default\">Du m\u00f6chtest die Bernhard-Bosch-Kita unterst\u00fctzen?<\/h3>\t\t\t\t<\/div>\n\t\t\t\t<\/div>\n\t\t\t\t\t<\/div>\n\t\t<\/div>\n\t\t\t\t\t<\/div>\n\t\t<\/section>\n\t\t\t\t<section class=\"elementor-section elementor-top-section elementor-element elementor-element-519db65 elementor-section-boxed elementor-section-height-default elementor-section-height-default\" data-id=\"519db65\" data-element_type=\"section\">\n\t\t\t\t\t\t<div class=\"elementor-container elementor-column-gap-default\">\n\t\t\t\t\t<div class=\"elementor-column elementor-col-100 elementor-top-column elementor-element elementor-element-bf166ed\" data-id=\"bf166ed\" data-element_type=\"column\">\n\t\t\t<div class=\"elementor-widget-wrap elementor-element-populated\">\n\t\t\t\t\t\t<div class=\"elementor-element elementor-element-a4789c9 elementor-widget elementor-widget-text-editor\" data-id=\"a4789c9\" data-element_type=\"widget\" data-widget_type=\"text-editor.default\">\n\t\t\t\t<div class=\"elementor-widget-container\">\n\t\t\t\t\t\t\t\t\t<p>Engagement im Kleinen kann GROSSES bewirken. Daher w\u00fcrden wir uns sehr \u00fcber eine Spende an die Bernhard-Bosch-Stiftung freuen.<\/p><p>Jede Spende z\u00e4hlt und flie\u00dft zu 100% in die Bernhard-Bosch-Kita und die weiteren Stiftungs-Projekte.<\/p><p><strong><span style=\"color: var( --e-global-color-text ); font-family: var( --e-global-typography-text-font-family ), Sans-serif;\">Volksbank Gronau-Ahaus<br \/>Bernhard-Bosch-Stiftung<br \/><\/span><span style=\"color: var( --e-global-color-text ); font-family: var( --e-global-typography-text-font-family ), Sans-serif;\">IBAN: DE 43 4016 4024 0181 8189 00<br \/>BIC: GENODEM1GRN<\/span><\/strong><\/p>\t\t\t\t\t\t\t\t<\/div>\n\t\t\t\t<\/div>\n\t\t\t\t\t<\/div>\n\t\t<\/div>\n\t\t\t\t\t<\/div>\n\t\t<\/section>\n\t\t\t\t<section class=\"elementor-section elementor-top-section elementor-element elementor-element-b1f8708 elementor-section-boxed elementor-section-height-default elementor-section-height-default\" data-id=\"b1f8708\" data-element_type=\"section\">\n\t\t\t\t\t\t<div class=\"elementor-container elementor-column-gap-default\">\n\t\t\t\t\t<div class=\"elementor-column elementor-col-100 elementor-top-column elementor-element elementor-element-9ef620f\" data-id=\"9ef620f\" data-element_type=\"column\">\n\t\t\t<div class=\"elementor-widget-wrap elementor-element-populated\">\n\t\t\t\t\t\t<div class=\"elementor-element elementor-element-3431403 elementor-widget elementor-widget-text-editor\" data-id=\"3431403\" data-element_type=\"widget\" data-widget_type=\"text-editor.default\">\n\t\t\t\t<div class=\"elementor-widget-container\">\n\t\t\t\t\t\t\t\t\t<p>Mehr Informationen zu unseren Projekten findest Du unter\u00a0<a href=\"https:\/\/www.engbers.com\/header\/unternehmen\/ueber-uns\/bernhard-bosch-stiftung\/projekte\/\">www.engbers.com\/bernhard-bosch-stiftung\/projekte<\/a>.<\/p>\t\t\t\t\t\t\t\t<\/div>\n\t\t\t\t<\/div>\n\t\t\t\t\t<\/div>\n\t\t<\/div>\n\t\t\t\t\t<\/div>\n\t\t<\/section>\n\t\t\t\t<\/div>\n\t\t","protected":false},"excerpt":{"rendered":"<p>Gegr\u00fcndet zum Andenken an Bernhard Bosch und mit dem Ziel, Kindern und Jugendlichen die Chance auf eine bessere Zukunft zu erm\u00f6glichen, konnte die Bernhard-Bosch-Stiftung in den letzten 27 Jahren zahlreiche Projekte ins Leben rufen und unterst\u00fctzen. Hier geht es der Stiftung vor allem um Bildung und Ausbildung, denn diese ist der Schl\u00fcssel zu einem selbstbestimmten&hellip;&nbsp;<a href=\"https:\/\/www.engbers.com\/blog\/erweiterung-der-bernhard-bosch-kita\/\" class=\"\" rel=\"bookmark\">Weiterlesen &raquo;<span class=\"screen-reader-text\">Erweiterung der Bernhard-Bosch-Kita in Berlin-Marzahn<\/span><\/a><\/p>\n","protected":false},"author":12,"featured_media":9647,"comment_status":"open","ping_status":"open","sticky":false,"template":"","format":"standard","meta":{"footnotes":""},"categories":[6],"tags":[73,226,439,1178,1179,1180,1181],"class_list":["post-9634","post","type-post","status-publish","format-standard","has-post-thumbnail","hentry","category-lifestyle","tag-stiftung","tag-berlin","tag-bernhard-bosch-stiftung","tag-kita","tag-berlin-marzahn","tag-spende","tag-kinder"],"aioseo_notices":[],"_links":{"self":[{"href":"https:\/\/www.engbers.com\/blog\/wp-json\/wp\/v2\/posts\/9634","targetHints":{"allow":["GET"]}}],"collection":[{"href":"https:\/\/www.engbers.com\/blog\/wp-json\/wp\/v2\/posts"}],"about":[{"href":"https:\/\/www.engbers.com\/blog\/wp-json\/wp\/v2\/types\/post"}],"author":[{"embeddable":true,"href":"https:\/\/www.engbers.com\/blog\/wp-json\/wp\/v2\/users\/12"}],"replies":[{"embeddable":true,"href":"https:\/\/www.engbers.com\/blog\/wp-json\/wp\/v2\/comments?post=9634"}],"version-history":[{"count":17,"href":"https:\/\/www.engbers.com\/blog\/wp-json\/wp\/v2\/posts\/9634\/revisions"}],"predecessor-version":[{"id":9704,"href":"https:\/\/www.engbers.com\/blog\/wp-json\/wp\/v2\/posts\/9634\/revisions\/9704"}],"wp:featuredmedia":[{"embeddable":true,"href":"https:\/\/www.engbers.com\/blog\/wp-json\/wp\/v2\/media\/9647"}],"wp:attachment":[{"href":"https:\/\/www.engbers.com\/blog\/wp-json\/wp\/v2\/media?parent=9634"}],"wp:term":[{"taxonomy":"category","embeddable":true,"href":"https:\/\/www.engbers.com\/blog\/wp-json\/wp\/v2\/categories?post=9634"},{"taxonomy":"post_tag","embeddable":true,"href":"https:\/\/www.engbers.com\/blog\/wp-json\/wp\/v2\/tags?post=9634"}],"curies":[{"name":"wp","href":"https:\/\/api.w.org\/{rel}","templated":true}]}}